{"id":4755,"date":"2026-07-20T15:02:33","date_gmt":"2026-07-20T18:02:33","guid":{"rendered":"https:\/\/diariodocomercio.com.br\/geral\/?p=4755"},"modified":"2026-07-20T15:02:34","modified_gmt":"2026-07-20T18:02:34","slug":"hotel-colombo-sera-reaberto-em-2029-para-celebrar-100-anos","status":"publish","type":"post","link":"https:\/\/diariodocomercio.com.br\/geral\/hotel-colombo-sera-reaberto-em-2029-para-celebrar-100-anos\/","title":{"rendered":"Hist\u00f3rico Hotel Colombo ser\u00e1 reaberto em Arax\u00e1 ao completar 100 anos"},"content":{"rendered":"\n<p class=\"wp-block-paragraph\">O Hotel Colombo, um dos conjuntos hist\u00f3ricos mais emblem\u00e1ticos de Arax\u00e1, ter\u00e1 nova vida. Um grupo de sete investidores locais arrematou o complexo por R$ 2.665.250 em leil\u00e3o eletr\u00f4nico promovido pela <a href=\"https:\/\/araxa.mg.gov.br\/\" target=\"_blank\" rel=\"noopener\">Prefeitura<\/a> e prev\u00ea concluir a revitaliza\u00e7\u00e3o em at\u00e9 tr\u00eas anos, com entrega prevista para 2029, quando o edif\u00edcio completa um s\u00e9culo desde sua inaugura\u00e7\u00e3o.<\/p>\n\n\n\n<p class=\"wp-block-paragraph\">O im\u00f3vel est\u00e1 localizado no Complexo do Barreiro, regi\u00e3o com forte voca\u00e7\u00e3o tur\u00edstica, e foi adquirido pelos investidores Adineor Carneiro de Paula, Aider Aguimar de \u00c1vila, Gilson Roberto C\u00e2mara, Jo\u00e3o Bosco Sena de Oliveira, Lucas Abdou Bittencourt, M\u00e1rcio Antonio Farid Filho e Rodrigo Natal Rocha.<\/p>\n\n\n\n<h2 class=\"wp-block-heading\"><strong>O que est\u00e1 previsto para o complexo do Hotel Colombo<\/strong><\/h2>\n\n\n\n<p class=\"wp-block-paragraph\">O complexo do Hotel Colombo inclui o edif\u00edcio principal, com cerca de 3.600 m\u00b2 de \u00e1rea constru\u00edda, e uma \u00e1rea de 7.000 m\u00b2 no entorno, onde est\u00e1 uma capela tamb\u00e9m tombada. Essa ser\u00e1 a primeira estrutura a ser restaurada e reaberta \u00e0 comunidade.<\/p>\n\n\n\n<p class=\"wp-block-paragraph\">Embora ainda n\u00e3o haja defini\u00e7\u00e3o sobre a destina\u00e7\u00e3o final do complexo, os novos propriet\u00e1rios avaliam alternativas ligadas \u00e0 hotelaria, ao turismo e a outras atividades que possam atender \u00e0s demandas da regi\u00e3o do Barreiro.&nbsp;<\/p>\n\n\n\n<p class=\"wp-block-paragraph\">A expectativa \u00e9 que o processo de recupera\u00e7\u00e3o gere empregos diretos e indiretos durante as obras e contribua para o fortalecimento da economia local.<\/p>\n\n\n\n<p class=\"wp-block-paragraph\">Por ser tombado como patrim\u00f4nio hist\u00f3rico pela Constitui\u00e7\u00e3o de Minas Gerais, qualquer interven\u00e7\u00e3o no Hotel Colombo precisar\u00e1 de autoriza\u00e7\u00e3o pr\u00e9via do Instituto Estadual do Patrim\u00f4nio Hist\u00f3rico e Art\u00edstico de Minas Gerais (Iepha-MG).<\/p>\n\n\n\n<h2 class=\"wp-block-heading\"><strong>Uma hist\u00f3ria de 100 anos<\/strong><\/h2>\n\n\n\n<p class=\"wp-block-paragraph\">Constru\u00eddo em 1929 pelo imigrante italiano Luiz Colombo, o Hotel Colombo funcionou por 83 anos e recebeu personalidades hist\u00f3ricas como Santos Dumont e o ex-presidente Get\u00falio Vargas.&nbsp;<\/p>\n\n\n\n<p class=\"wp-block-paragraph\">Em 2012, o pr\u00e9dio foi adquirido pela Prefeitura de Arax\u00e1 e passou a abrigar o gabinete do prefeito e algumas secretarias. Em 2015, um inc\u00eandio comprometeu as estruturas do edif\u00edcio, levando \u00e0 interdi\u00e7\u00e3o e ao abandono do im\u00f3vel que se arrastou por uma d\u00e9cada.<\/p>\n","protected":false},"excerpt":{"rendered":"<p>O Hotel Colombo, um dos conjuntos hist\u00f3ricos mais emblem\u00e1ticos de Arax\u00e1, ter\u00e1 nova vida. Um grupo de sete investidores locais arrematou o complexo por R$ 2.665.250 em leil\u00e3o eletr\u00f4nico promovido pela Prefeitura e prev\u00ea concluir a revitaliza\u00e7\u00e3o em at\u00e9 tr\u00eas anos, com entrega prevista para 2029, quando o edif\u00edcio completa um s\u00e9culo desde sua inaugura\u00e7\u00e3o. [&hellip;]<\/p>\n","protected":false},"author":3,"featured_media":4756,"comment_status":"closed","ping_status":"open","sticky":false,"template":"","format":"standard","meta":{"_acf_changed":false,"footnotes":""},"categories":[1],"tags":[],"class_list":["post-4755","post","type-post","status-publish","format-standard","has-post-thumbnail","hentry","category-geral"],"acf":{"subtitulo":"Grupo de investidores locais arrematou o complexo por R$ 2,6 milh\u00f5es em leil\u00e3o e prev\u00ea conclus\u00e3o das obras em 2029","oculta_home":false,"leitura_rapida":""},"_links":{"self":[{"href":"https:\/\/diariodocomercio.com.br\/geral\/wp-json\/wp\/v2\/posts\/4755","targetHints":{"allow":["GET"]}}],"collection":[{"href":"https:\/\/diariodocomercio.com.br\/geral\/wp-json\/wp\/v2\/posts"}],"about":[{"href":"https:\/\/diariodocomercio.com.br\/geral\/wp-json\/wp\/v2\/types\/post"}],"author":[{"embeddable":true,"href":"https:\/\/diariodocomercio.com.br\/geral\/wp-json\/wp\/v2\/users\/3"}],"replies":[{"embeddable":true,"href":"https:\/\/diariodocomercio.com.br\/geral\/wp-json\/wp\/v2\/comments?post=4755"}],"version-history":[{"count":1,"href":"https:\/\/diariodocomercio.com.br\/geral\/wp-json\/wp\/v2\/posts\/4755\/revisions"}],"predecessor-version":[{"id":4757,"href":"https:\/\/diariodocomercio.com.br\/geral\/wp-json\/wp\/v2\/posts\/4755\/revisions\/4757"}],"wp:featuredmedia":[{"embeddable":true,"href":"https:\/\/diariodocomercio.com.br\/geral\/wp-json\/wp\/v2\/media\/4756"}],"wp:attachment":[{"href":"https:\/\/diariodocomercio.com.br\/geral\/wp-json\/wp\/v2\/media?parent=4755"}],"wp:term":[{"taxonomy":"category","embeddable":true,"href":"https:\/\/diariodocomercio.com.br\/geral\/wp-json\/wp\/v2\/categories?post=4755"},{"taxonomy":"post_tag","embeddable":true,"href":"https:\/\/diariodocomercio.com.br\/geral\/wp-json\/wp\/v2\/tags?post=4755"}],"curies":[{"name":"wp","href":"https:\/\/api.w.org\/{rel}","templated":true}]}}