{"id":4766,"date":"2026-07-20T16:30:53","date_gmt":"2026-07-20T19:30:53","guid":{"rendered":"https:\/\/diariodocomercio.com.br\/geral\/?p=4766"},"modified":"2026-07-20T16:30:55","modified_gmt":"2026-07-20T19:30:55","slug":"lamine-yamal-compra-mansao-milionaria-que-pertencia-a-shakira","status":"publish","type":"post","link":"https:\/\/diariodocomercio.com.br\/geral\/lamine-yamal-compra-mansao-milionaria-que-pertencia-a-shakira\/","title":{"rendered":"Lamine Yamal compra mans\u00e3o que pertencia \u00e0 Shakira e o valor do im\u00f3vel impressiona"},"content":{"rendered":"\n<p class=\"wp-block-paragraph\">O craque espanhol Lamine Yamal adquiriu a mans\u00e3o que pertenceu \u00e0 cantora Shakira e ao ex-jogador Gerard Piqu\u00e9. O im\u00f3vel, localizado em Esplugues de Llobregat, na Regi\u00e3o Metropolitana de Barcelona, foi negociado por um valor milion\u00e1rio ap\u00f3s anos do an\u00fancio de venda. A compra acompanha o momento de ascens\u00e3o de Yamal, que, aos 19 anos, acaba de se tornar campe\u00e3o mundial com a sele\u00e7\u00e3o espanhola na <a href=\"https:\/\/www.fifa.com\/pt\/tournaments\/mens\/worldcup\/canadamexicousa2026\" target=\"_blank\" rel=\"noopener\">Copa do Mundo de 2026<\/a> e figura entre os atletas mais valiosos do futebol mundial.<br><\/p>\n\n\n\n<h2 class=\"wp-block-heading\">Como \u00e9 a mans\u00e3o que pertenceu \u00e0 Shakira<\/h2>\n\n\n\n<p class=\"wp-block-paragraph\">Constru\u00edda em 2012, a propriedade ocupa um terreno de quase 4 mil metros quadrados e conta com piscina interna e externa, quadra de t\u00eanis e um est\u00fadio de grava\u00e7\u00e3o, utilizado por Shakira para compor m\u00fasicas durante os anos em que viveu no im\u00f3vel.&nbsp;<\/p>\n\n\n\n<p class=\"wp-block-paragraph\">A cantora e Piqu\u00e9, campe\u00e3o mundial pela Espanha em 2010, moraram ali durante o relacionamento e criaram os dois filhos do casal antes da separa\u00e7\u00e3o, anunciada em 2022.<\/p>\n\n\n\n<p class=\"wp-block-paragraph\">Ap\u00f3s o fim do relacionamento, o im\u00f3vel ficou \u00e0 venda por um longo per\u00edodo e parte do terreno chegou a ser desmembrada e vendida separadamente, para reduzir o valor final do conjunto e facilitar a venda. No final do ano passado, Lamine Yamal arrematou a compra por cerca de \u20ac 11 milh\u00f5es, o equivalente a R$ 64,3 milh\u00f5es na cota\u00e7\u00e3o atual.<\/p>\n\n\n\n<h2 class=\"wp-block-heading\"><strong>Por que Lamine Yamal escolheu esse im\u00f3vel<\/strong><\/h2>\n\n\n\n<p class=\"wp-block-paragraph\">A localiza\u00e7\u00e3o foi um fator decisivo, visto que o bairro fica a poucos minutos do centro de treinamento do Barcelona e pr\u00f3ximo \u00e0s resid\u00eancias de outros jogadores do elenco, como Alejandro Balde e Ronald Ara\u00fajo. A seguran\u00e7a refor\u00e7ada da regi\u00e3o tamb\u00e9m foi apontada pela imprensa espanhola como crit\u00e9rio relevante para a escolha.<\/p>\n\n\n\n<p class=\"wp-block-paragraph\">Lamine Yamal planeja reformar o espa\u00e7o para transform\u00e1-lo em um centro esportivo particular, com academia de alto desempenho e \u00e1reas voltadas para treino e recupera\u00e7\u00e3o f\u00edsica.<\/p>\n\n\n\n<p class=\"wp-block-paragraph\">Segundo a Forbes, o camisa 10 do Barcelona \u00e9 o d\u00e9cimo jogador mais bem pago do mundo, com ganhos anuais de US$ 43 milh\u00f5es, cerca de R$ 230 milh\u00f5es na cota\u00e7\u00e3o atual. O atleta renovou contrato com o clube catal\u00e3o at\u00e9 2031.<\/p>\n","protected":false},"excerpt":{"rendered":"<p>O craque espanhol Lamine Yamal adquiriu a mans\u00e3o que pertenceu \u00e0 cantora Shakira e ao ex-jogador Gerard Piqu\u00e9. O im\u00f3vel, localizado em Esplugues de Llobregat, na Regi\u00e3o Metropolitana de Barcelona, foi negociado por um valor milion\u00e1rio ap\u00f3s anos do an\u00fancio de venda. A compra acompanha o momento de ascens\u00e3o de Yamal, que, aos 19 anos, [&hellip;]<\/p>\n","protected":false},"author":3,"featured_media":4767,"comment_status":"closed","ping_status":"open","sticky":false,"template":"","format":"standard","meta":{"_acf_changed":false,"footnotes":""},"categories":[1],"tags":[],"class_list":["post-4766","post","type-post","status-publish","format-standard","has-post-thumbnail","hentry","category-geral"],"acf":{"subtitulo":"Propriedade fica pr\u00f3xima ao centro de treinamento do Barcelona e jogador planeja transformar o espa\u00e7o em centro esportivo particular","oculta_home":false,"leitura_rapida":""},"_links":{"self":[{"href":"https:\/\/diariodocomercio.com.br\/geral\/wp-json\/wp\/v2\/posts\/4766","targetHints":{"allow":["GET"]}}],"collection":[{"href":"https:\/\/diariodocomercio.com.br\/geral\/wp-json\/wp\/v2\/posts"}],"about":[{"href":"https:\/\/diariodocomercio.com.br\/geral\/wp-json\/wp\/v2\/types\/post"}],"author":[{"embeddable":true,"href":"https:\/\/diariodocomercio.com.br\/geral\/wp-json\/wp\/v2\/users\/3"}],"replies":[{"embeddable":true,"href":"https:\/\/diariodocomercio.com.br\/geral\/wp-json\/wp\/v2\/comments?post=4766"}],"version-history":[{"count":1,"href":"https:\/\/diariodocomercio.com.br\/geral\/wp-json\/wp\/v2\/posts\/4766\/revisions"}],"predecessor-version":[{"id":4768,"href":"https:\/\/diariodocomercio.com.br\/geral\/wp-json\/wp\/v2\/posts\/4766\/revisions\/4768"}],"wp:featuredmedia":[{"embeddable":true,"href":"https:\/\/diariodocomercio.com.br\/geral\/wp-json\/wp\/v2\/media\/4767"}],"wp:attachment":[{"href":"https:\/\/diariodocomercio.com.br\/geral\/wp-json\/wp\/v2\/media?parent=4766"}],"wp:term":[{"taxonomy":"category","embeddable":true,"href":"https:\/\/diariodocomercio.com.br\/geral\/wp-json\/wp\/v2\/categories?post=4766"},{"taxonomy":"post_tag","embeddable":true,"href":"https:\/\/diariodocomercio.com.br\/geral\/wp-json\/wp\/v2\/tags?post=4766"}],"curies":[{"name":"wp","href":"https:\/\/api.w.org\/{rel}","templated":true}]}}