{"id":4895,"date":"2026-07-22T08:15:00","date_gmt":"2026-07-22T11:15:00","guid":{"rendered":"https:\/\/diariodocomercio.com.br\/geral\/?p=4895"},"modified":"2026-07-21T21:03:45","modified_gmt":"2026-07-22T00:03:45","slug":"medico-condenado-por-receitas-falsas-se-entrega-a-policia-em-uberlandia","status":"publish","type":"post","link":"https:\/\/diariodocomercio.com.br\/geral\/medico-condenado-por-receitas-falsas-se-entrega-a-policia-em-uberlandia\/","title":{"rendered":"M\u00e9dico que emitia receitas falsas para esquema clandestino se entrega \u00e0 pol\u00edcia em Uberl\u00e2ndia"},"content":{"rendered":"\n<p class=\"wp-block-paragraph\">De acordo com a Pol\u00edcia Civil de Minas Gerais, o m\u00e9dico Leonardo Pinder Fontes se entregou \u00e0 Pol\u00edcia Militar em Uberl\u00e2ndia. O profissional tinha sido condenado a onze anos de pris\u00e3o&nbsp; por participa\u00e7\u00e3o em um esquema de receitas falsas para comercializa\u00e7\u00e3o irregular de medicamentos controlados. Mandado de pris\u00e3o foi expedido em 11 de junho de 2026.&nbsp;<\/p>\n\n\n\n<p class=\"wp-block-paragraph\">Segundo as investiga\u00e7\u00f5es do Minist\u00e9rio P\u00fablico de Minas Gerais (MPMG), Fontes desempenhava papel fundamental em um grupo criminoso de venda clandestina de horm\u00f4nios, anabolizantes e outros medicamentos de controle especial.&nbsp;<\/p>\n\n\n\n<p class=\"wp-block-paragraph\">O m\u00e9dico foi um dos investigados na Opera\u00e7\u00e3o &#8220;M\u00e1 Influ\u00eancia&#8221;, que revelou a organiza\u00e7\u00e3o criminosa envolvida com tr\u00e1fico de drogas, comercializa\u00e7\u00e3o ilegal de medicamentos e lavagem de dinheiro.<\/p>\n\n\n\n<h2 class=\"wp-block-heading\"><strong>M\u00e9dico se apresentou para cumprir mandado de pris\u00e3o<\/strong><\/h2>\n\n\n\n<p class=\"wp-block-paragraph\">De acordo com a Pol\u00edcia Civil, Leonardo Pinder Fontes compareceu espontaneamente \u00e0 delegacia no dia 6 de julho, acompanhado de seu advogado, para cumprir o mandado de pris\u00e3o expedido pela Justi\u00e7a em 11 de junho de 2026.<\/p>\n\n\n\n<p class=\"wp-block-paragraph\">Antes de ser encaminhado ao sistema prisional, ele passou pelos procedimentos legais, incluindo exame de corpo de delito no Instituto M\u00e9dico-Legal (IML).<\/p>\n\n\n\n<p class=\"wp-block-paragraph\">A condena\u00e7\u00e3o decorre das investiga\u00e7\u00f5es que apontaram o uso de receitas falsas para viabilizar a aquisi\u00e7\u00e3o e comercializa\u00e7\u00e3o irregular de medicamentos sujeitos a controle especial.<\/p>\n\n\n\n<h2 class=\"wp-block-heading\"><strong>Receitas falsas teria beneficiado esquema de influenciador fitness<\/strong><\/h2>\n\n\n\n<p class=\"wp-block-paragraph\">Segundo o Minist\u00e9rio P\u00fablico, o m\u00e9dico emitia prescri\u00e7\u00f5es ilegais para o influenciador digital Lohan Ramires, apontado como o l\u00edder do esquema de comercializa\u00e7\u00e3o ilegal de horm\u00f4nios e anabolizantes, que usava de sua influ\u00eancia para atuar com o \u201cmarketing fitness\u201d disfar\u00e7ado.&nbsp;<\/p>\n\n\n\n<p class=\"wp-block-paragraph\">As investiga\u00e7\u00f5es indicam que as receitas falsas permitiam a obten\u00e7\u00e3o de medicamentos controlados, especialmente horm\u00f4nios de crescimento, utilizados e revendidos de forma irregular.<\/p>\n\n\n\n<p class=\"wp-block-paragraph\">Lohan Ramires \u00e9 considerado foragido da Justi\u00e7a brasileira e integra a lista de difus\u00e3o vermelha da Interpol. Ele foi preso nos Emirados \u00c1rabes Unidos em 2025, mas respondeu ao processo em liberdade ap\u00f3s o pagamento de fian\u00e7a. O Minist\u00e9rio P\u00fablico busca sua extradi\u00e7\u00e3o para o Brasil.<\/p>\n\n\n\n<p class=\"wp-block-paragraph\">Ramires \u00e9 alvo de outras opera\u00e7\u00f5es desde 2021 e suas condena\u00e7\u00f5es j\u00e1 somam 23 anos de pris\u00e3o, pelos crimes de associa\u00e7\u00e3o criminosa, tr\u00e1fico de drogas, lavagem de dinheiro e falsidade ideol\u00f3gica.<\/p>\n\n\n\n<p class=\"wp-block-paragraph\"><\/p>\n","protected":false},"excerpt":{"rendered":"<p>De acordo com a Pol\u00edcia Civil de Minas Gerais, o m\u00e9dico Leonardo Pinder Fontes se entregou \u00e0 Pol\u00edcia Militar em Uberl\u00e2ndia. O profissional tinha sido condenado a onze anos de pris\u00e3o&nbsp; por participa\u00e7\u00e3o em um esquema de receitas falsas para comercializa\u00e7\u00e3o irregular de medicamentos controlados. Mandado de pris\u00e3o foi expedido em 11 de junho de [&hellip;]<\/p>\n","protected":false},"author":3,"featured_media":4896,"comment_status":"closed","ping_status":"open","sticky":false,"template":"","format":"standard","meta":{"_acf_changed":false,"footnotes":""},"categories":[1],"tags":[],"class_list":["post-4895","post","type-post","status-publish","format-standard","has-post-thumbnail","hentry","category-geral"],"acf":{"subtitulo":"Profissional foi condenado a 11 anos de pris\u00e3o por participa\u00e7\u00e3o em uma organiza\u00e7\u00e3o criminosa de venda clandestina de medicamentos controlados","oculta_home":false,"leitura_rapida":""},"_links":{"self":[{"href":"https:\/\/diariodocomercio.com.br\/geral\/wp-json\/wp\/v2\/posts\/4895","targetHints":{"allow":["GET"]}}],"collection":[{"href":"https:\/\/diariodocomercio.com.br\/geral\/wp-json\/wp\/v2\/posts"}],"about":[{"href":"https:\/\/diariodocomercio.com.br\/geral\/wp-json\/wp\/v2\/types\/post"}],"author":[{"embeddable":true,"href":"https:\/\/diariodocomercio.com.br\/geral\/wp-json\/wp\/v2\/users\/3"}],"replies":[{"embeddable":true,"href":"https:\/\/diariodocomercio.com.br\/geral\/wp-json\/wp\/v2\/comments?post=4895"}],"version-history":[{"count":1,"href":"https:\/\/diariodocomercio.com.br\/geral\/wp-json\/wp\/v2\/posts\/4895\/revisions"}],"predecessor-version":[{"id":4897,"href":"https:\/\/diariodocomercio.com.br\/geral\/wp-json\/wp\/v2\/posts\/4895\/revisions\/4897"}],"wp:featuredmedia":[{"embeddable":true,"href":"https:\/\/diariodocomercio.com.br\/geral\/wp-json\/wp\/v2\/media\/4896"}],"wp:attachment":[{"href":"https:\/\/diariodocomercio.com.br\/geral\/wp-json\/wp\/v2\/media?parent=4895"}],"wp:term":[{"taxonomy":"category","embeddable":true,"href":"https:\/\/diariodocomercio.com.br\/geral\/wp-json\/wp\/v2\/categories?post=4895"},{"taxonomy":"post_tag","embeddable":true,"href":"https:\/\/diariodocomercio.com.br\/geral\/wp-json\/wp\/v2\/tags?post=4895"}],"curies":[{"name":"wp","href":"https:\/\/api.w.org\/{rel}","templated":true}]}}