{"id":4898,"date":"2026-07-22T09:21:10","date_gmt":"2026-07-22T12:21:10","guid":{"rendered":"https:\/\/diariodocomercio.com.br\/geral\/?p=4898"},"modified":"2026-07-22T09:21:11","modified_gmt":"2026-07-22T12:21:11","slug":"anvisa-proibe-azeite-de-oliva","status":"publish","type":"post","link":"https:\/\/diariodocomercio.com.br\/geral\/anvisa-proibe-azeite-de-oliva\/","title":{"rendered":"Anvisa pro\u00edbe venda de azeite extra virgem e doces artesanais"},"content":{"rendered":"\n<p class=\"wp-block-paragraph\">Um azeite de oliva extra virgem comercializado por uma empresa com endere\u00e7o desconhecido e 11 tipos de doces artesanais fabricados sem licen\u00e7a sanit\u00e1ria foram banidos do mercado nacional nesta quarta-feira (22). A <a href=\"https:\/\/www.gov.br\/anvisa\/pt-br\" target=\"_blank\" rel=\"noopener\">Anvisa<\/a> publicou as proibi\u00e7\u00f5es no Di\u00e1rio Oficial da Uni\u00e3o.<\/p>\n\n\n\n<h2 class=\"wp-block-heading\"><strong>Azeite San Oliveto \u00e9 reprovado em laudo t\u00e9cnico<\/strong><\/h2>\n\n\n\n<p class=\"wp-block-paragraph\">A empresa por tr\u00e1s do azeite San Oliveto, Comercial Aliment\u00edcia e Cerealista Vale do Carioca Ltda., tem CNPJ classificado pela Receita Federal como inapto desde 23 de junho. A Anvisa tamb\u00e9m n\u00e3o conseguiu localizar o endere\u00e7o do estabelecimento.<\/p>\n\n\n\n<p class=\"wp-block-paragraph\">O laudo n\u00ba 302.1P.0\/2026 apontou falha no \u00edndice de refra\u00e7\u00e3o do azeite, par\u00e2metro que indica adultera\u00e7\u00e3o ou composi\u00e7\u00e3o irregular do produto.<\/p>\n\n\n\n<p class=\"wp-block-paragraph\">A apreens\u00e3o abrange todos os lotes.&nbsp;<\/p>\n\n\n\n<h2 class=\"wp-block-heading\"><strong>Onze itens da Fatti a Mano s\u00e3o apreendidos por aus\u00eancia de registro<\/strong><\/h2>\n\n\n\n<p class=\"wp-block-paragraph\">Os produtos chegavam \u00e0s prateleiras sem nenhum registro sanit\u00e1rio e o local de fabrica\u00e7\u00e3o tamb\u00e9m n\u00e3o tinha licen\u00e7a, segundo a Anvisa.<\/p>\n\n\n\n<p class=\"wp-block-paragraph\">Onze itens integram a lista de apreens\u00e3o: cocada branca, cocada com maracuj\u00e1, doce de leite, doce de leite com coco, palha italiana, doce de jaca, beijinho, p\u00e9 de moleque, fatticoco (leite com coco), p\u00e9 de mo\u00e7a e brigadeiro.<\/p>\n\n\n\n<p class=\"wp-block-paragraph\">Em ambos os casos, a Anvisa vetou fabrica\u00e7\u00e3o, distribui\u00e7\u00e3o, comercializa\u00e7\u00e3o e propaganda dos produtos em todo o territ\u00f3rio nacional.<\/p>\n","protected":false},"excerpt":{"rendered":"<p>Um azeite de oliva extra virgem comercializado por uma empresa com endere\u00e7o desconhecido e 11 tipos de doces artesanais fabricados sem licen\u00e7a sanit\u00e1ria foram banidos do mercado nacional nesta quarta-feira (22). A Anvisa publicou as proibi\u00e7\u00f5es no Di\u00e1rio Oficial da Uni\u00e3o. Azeite San Oliveto \u00e9 reprovado em laudo t\u00e9cnico A empresa por tr\u00e1s do azeite [&hellip;]<\/p>\n","protected":false},"author":4,"featured_media":4902,"comment_status":"closed","ping_status":"open","sticky":false,"template":"","format":"standard","meta":{"_acf_changed":false,"footnotes":""},"categories":[1],"tags":[],"class_list":["post-4898","post","type-post","status-publish","format-standard","has-post-thumbnail","hentry","category-geral"],"acf":{"subtitulo":"Produtos da marca San Oliveto e da Fatti a Mano est\u00e3o vetados em todo o territ\u00f3rio nacional a partir desta quarta","oculta_home":false,"leitura_rapida":""},"_links":{"self":[{"href":"https:\/\/diariodocomercio.com.br\/geral\/wp-json\/wp\/v2\/posts\/4898","targetHints":{"allow":["GET"]}}],"collection":[{"href":"https:\/\/diariodocomercio.com.br\/geral\/wp-json\/wp\/v2\/posts"}],"about":[{"href":"https:\/\/diariodocomercio.com.br\/geral\/wp-json\/wp\/v2\/types\/post"}],"author":[{"embeddable":true,"href":"https:\/\/diariodocomercio.com.br\/geral\/wp-json\/wp\/v2\/users\/4"}],"replies":[{"embeddable":true,"href":"https:\/\/diariodocomercio.com.br\/geral\/wp-json\/wp\/v2\/comments?post=4898"}],"version-history":[{"count":6,"href":"https:\/\/diariodocomercio.com.br\/geral\/wp-json\/wp\/v2\/posts\/4898\/revisions"}],"predecessor-version":[{"id":4905,"href":"https:\/\/diariodocomercio.com.br\/geral\/wp-json\/wp\/v2\/posts\/4898\/revisions\/4905"}],"wp:featuredmedia":[{"embeddable":true,"href":"https:\/\/diariodocomercio.com.br\/geral\/wp-json\/wp\/v2\/media\/4902"}],"wp:attachment":[{"href":"https:\/\/diariodocomercio.com.br\/geral\/wp-json\/wp\/v2\/media?parent=4898"}],"wp:term":[{"taxonomy":"category","embeddable":true,"href":"https:\/\/diariodocomercio.com.br\/geral\/wp-json\/wp\/v2\/categories?post=4898"},{"taxonomy":"post_tag","embeddable":true,"href":"https:\/\/diariodocomercio.com.br\/geral\/wp-json\/wp\/v2\/tags?post=4898"}],"curies":[{"name":"wp","href":"https:\/\/api.w.org\/{rel}","templated":true}]}}