{"id":4906,"date":"2026-07-22T10:29:50","date_gmt":"2026-07-22T13:29:50","guid":{"rendered":"https:\/\/diariodocomercio.com.br\/geral\/?p=4906"},"modified":"2026-07-22T10:29:52","modified_gmt":"2026-07-22T13:29:52","slug":"substituicao-de-carrocas-em-bh-2","status":"publish","type":"post","link":"https:\/\/diariodocomercio.com.br\/geral\/substituicao-de-carrocas-em-bh-2\/","title":{"rendered":"BH pode obrigar carroceiro a doar o cavalo para ganhar triciclo"},"content":{"rendered":"\n<p class=\"wp-block-paragraph\">Carroceiros em Belo Horizonte podem ter que abrir m\u00e3o do cavalo para receber o triciclo motorizado. A Lei 12.074\/2026, publicada na ter\u00e7a-feira (21) no Di\u00e1rio Oficial do Munic\u00edpio, autoriza a <a href=\"https:\/\/prefeitura.pbh.gov.br\/\" target=\"_blank\" rel=\"noopener\">Prefeitura<\/a> a tornar a doa\u00e7\u00e3o pr\u00e9via do animal uma condi\u00e7\u00e3o para a entrega do ve\u00edculo. A substitui\u00e7\u00e3o de carro\u00e7as em BH passa a ter regras mais r\u00edgidas, mas a exig\u00eancia s\u00f3 vale se a prefeitura a incluir no decreto de regulamenta\u00e7\u00e3o do programa.<\/p>\n\n\n\n<p class=\"wp-block-paragraph\">O Projeto de Lei 370\/2025, de autoria de Wanderley Porto (PRD), previa a doa\u00e7\u00e3o como obriga\u00e7\u00e3o direta. O substitutivo encaminhado por Bruno Miranda (PDT), l\u00edder do governo na <a href=\"https:\/\/www.cmbh.mg.gov.br\" target=\"_blank\" rel=\"noopener\">C\u00e2mara Municipal<\/a>, retirou a exig\u00eancia autom\u00e1tica e deixou a defini\u00e7\u00e3o para decreto posterior.<\/p>\n\n\n\n<p class=\"wp-block-paragraph\">Na justificativa do projeto, Porto argumentou que a medida busca &#8220;impedir o uso simult\u00e2neo de dois meios de transporte incompat\u00edveis com os objetivos do programa&#8221; e evitar que os animais continuem expostos a maus-tratos ou abandono ap\u00f3s a transi\u00e7\u00e3o.<\/p>\n\n\n\n<h2 class=\"wp-block-heading\"><strong>Substitui\u00e7\u00e3o de carro\u00e7as em BH prev\u00ea tr\u00eas modalidades de apoio<\/strong><\/h2>\n\n\n\n<p class=\"wp-block-paragraph\">A norma se incorpora \u00e0 Lei 11.285\/2021, que bane na capital mineira o uso de animais como for\u00e7a motriz em ve\u00edculos. O <a href=\"https:\/\/diariodocomercio.com.br\/geral\/substituicao-de-carrocas-em-bh\/\">programa de substitui\u00e7\u00e3o gradativa<\/a> est\u00e1 em vigor desde janeiro deste ano. O prefeito \u00c1lvaro Dami\u00e3o formalizou em fevereiro, por meio de decreto, as condi\u00e7\u00f5es de acesso aos benef\u00edcios para os trabalhadores j\u00e1 registrados no programa.<\/p>\n\n\n\n<p class=\"wp-block-paragraph\">Tr\u00eas modalidades est\u00e3o previstas. A primeira \u00e9 o acesso ao triciclo motorizado, condicionado \u00e0 apresenta\u00e7\u00e3o de habilita\u00e7\u00e3o ou ao compromisso formal de obt\u00ea-la. A segunda \u00e9 o suporte burocr\u00e1tico para solicita\u00e7\u00e3o do BPC\/LOAS, voltado a quem preenche os crit\u00e9rios do benef\u00edcio assistencial. A terceira \u00e9 a matr\u00edcula em curso de forma\u00e7\u00e3o profissional em zeladoria urbana, com perspectiva de contrata\u00e7\u00e3o para servi\u00e7os municipais.<\/p>\n\n\n\n<p class=\"wp-block-paragraph\">Os 612 animais mapeados durante a transi\u00e7\u00e3o passaram por microchipagem, vermifuga\u00e7\u00e3o e vacina\u00e7\u00e3o. Equinos recolhidos por maus-tratos ou entregues pelos pr\u00f3prios carroceiros ser\u00e3o destinados a organiza\u00e7\u00f5es parceiras da prefeitura, com acompanhamento da Subsecretaria de Bem-Estar Animal.<\/p>\n","protected":false},"excerpt":{"rendered":"<p>Carroceiros em Belo Horizonte podem ter que abrir m\u00e3o do cavalo para receber o triciclo motorizado. A Lei 12.074\/2026, publicada na ter\u00e7a-feira (21) no Di\u00e1rio Oficial do Munic\u00edpio, autoriza a Prefeitura a tornar a doa\u00e7\u00e3o pr\u00e9via do animal uma condi\u00e7\u00e3o para a entrega do ve\u00edculo. A substitui\u00e7\u00e3o de carro\u00e7as em BH passa a ter regras [&hellip;]<\/p>\n","protected":false},"author":4,"featured_media":4909,"comment_status":"closed","ping_status":"open","sticky":false,"template":"","format":"standard","meta":{"_acf_changed":false,"footnotes":""},"categories":[11],"tags":[],"class_list":["post-4906","post","type-post","status-publish","format-standard","has-post-thumbnail","hentry","category-cidades"],"acf":{"subtitulo":"Lei 12.074\/2026 foi publicada nesta ter\u00e7a-feira e deixa a exig\u00eancia da doa\u00e7\u00e3o a crit\u00e9rio de decreto municipal","oculta_home":false,"leitura_rapida":""},"_links":{"self":[{"href":"https:\/\/diariodocomercio.com.br\/geral\/wp-json\/wp\/v2\/posts\/4906","targetHints":{"allow":["GET"]}}],"collection":[{"href":"https:\/\/diariodocomercio.com.br\/geral\/wp-json\/wp\/v2\/posts"}],"about":[{"href":"https:\/\/diariodocomercio.com.br\/geral\/wp-json\/wp\/v2\/types\/post"}],"author":[{"embeddable":true,"href":"https:\/\/diariodocomercio.com.br\/geral\/wp-json\/wp\/v2\/users\/4"}],"replies":[{"embeddable":true,"href":"https:\/\/diariodocomercio.com.br\/geral\/wp-json\/wp\/v2\/comments?post=4906"}],"version-history":[{"count":3,"href":"https:\/\/diariodocomercio.com.br\/geral\/wp-json\/wp\/v2\/posts\/4906\/revisions"}],"predecessor-version":[{"id":4910,"href":"https:\/\/diariodocomercio.com.br\/geral\/wp-json\/wp\/v2\/posts\/4906\/revisions\/4910"}],"wp:featuredmedia":[{"embeddable":true,"href":"https:\/\/diariodocomercio.com.br\/geral\/wp-json\/wp\/v2\/media\/4909"}],"wp:attachment":[{"href":"https:\/\/diariodocomercio.com.br\/geral\/wp-json\/wp\/v2\/media?parent=4906"}],"wp:term":[{"taxonomy":"category","embeddable":true,"href":"https:\/\/diariodocomercio.com.br\/geral\/wp-json\/wp\/v2\/categories?post=4906"},{"taxonomy":"post_tag","embeddable":true,"href":"https:\/\/diariodocomercio.com.br\/geral\/wp-json\/wp\/v2\/tags?post=4906"}],"curies":[{"name":"wp","href":"https:\/\/api.w.org\/{rel}","templated":true}]}}