{"id":4925,"date":"2026-07-22T14:20:00","date_gmt":"2026-07-22T17:20:00","guid":{"rendered":"https:\/\/diariodocomercio.com.br\/geral\/?p=4925"},"modified":"2026-07-22T14:07:22","modified_gmt":"2026-07-22T17:07:22","slug":"bh-lanca-plano-de-controle-de-pragas-para-combater-planta-invasora","status":"publish","type":"post","link":"https:\/\/diariodocomercio.com.br\/geral\/bh-lanca-plano-de-controle-de-pragas-para-combater-planta-invasora\/","title":{"rendered":"Planta invasora amea\u00e7a BH e leva prefeito a decretar controle de pragas emergencial"},"content":{"rendered":"\n<p class=\"wp-block-paragraph\">A <a href=\"https:\/\/prefeitura.pbh.gov.br\/\" target=\"_blank\" rel=\"noopener\">Prefeitura de Belo Horizonte<\/a> anunciou um novo plano de controle de pragas para conter o avan\u00e7o da leucena (<em>Leucaena leucocephala<\/em>), esp\u00e9cie ex\u00f3tica considerada invasora e que representa uma amea\u00e7a \u00e0 vegeta\u00e7\u00e3o nativa da capital. A medida foi autorizada por decreto publicado pelo prefeito \u00c1lvaro Dami\u00e3o no Di\u00e1rio Oficial do Munic\u00edpio (DOM).<\/p>\n\n\n\n<p class=\"wp-block-paragraph\">Nativa da Am\u00e9rica Central, a leucena possui alta capacidade de dissemina\u00e7\u00e3o e pode comprometer o equil\u00edbrio ambiental ao impedir o desenvolvimento de esp\u00e9cies nativas, tornando necess\u00e1ria uma a\u00e7\u00e3o emergencial de manejo.<\/p>\n\n\n\n<h2 class=\"wp-block-heading\"><strong>Por que a leucena preocupa especialistas?<\/strong><\/h2>\n\n\n\n<p class=\"wp-block-paragraph\">A leucena \u00e9 considerada uma esp\u00e9cie invasora porque compete diretamente com a flora local. Segundo especialistas, a planta libera subst\u00e2ncias que dificultam a germina\u00e7\u00e3o de outras esp\u00e9cies e impede o crescimento da vegeta\u00e7\u00e3o ao seu redor, reduzindo a biodiversidade das \u00e1reas afetadas.<\/p>\n\n\n\n<p class=\"wp-block-paragraph\">Sem controle adequado, a expans\u00e3o da esp\u00e9cie pode provocar altera\u00e7\u00f5es significativas nos ecossistemas urbanos, prejudicando a regenera\u00e7\u00e3o natural da vegeta\u00e7\u00e3o e aumentando os custos de recupera\u00e7\u00e3o ambiental.<\/p>\n\n\n\n<h2 class=\"wp-block-heading\"><strong>Como ser\u00e1 o plano de controle de pragas em BH<\/strong><\/h2>\n\n\n\n<p class=\"wp-block-paragraph\">As a\u00e7\u00f5es ser\u00e3o executadas pela Secretaria Municipal de Meio Ambiente (SMMA) em conjunto com a Funda\u00e7\u00e3o de Parques Municipais e Zoobot\u00e2nica.<\/p>\n\n\n\n<p class=\"wp-block-paragraph\">O plano de controle de pragas prev\u00ea uma s\u00e9rie de medidas para conter a prolifera\u00e7\u00e3o da leucena, entre elas:<\/p>\n\n\n\n<ul class=\"wp-block-list\">\n<li>Aplica\u00e7\u00e3o de herbicidas de uso n\u00e3o agr\u00edcola;<\/li>\n\n\n\n<li>elimina\u00e7\u00e3o do banco de sementes presente no solo;<\/li>\n\n\n\n<li>Controle de novas mudas (pl\u00e2ntulas);<\/li>\n\n\n\n<li>Recupera\u00e7\u00e3o das \u00e1reas degradadas ap\u00f3s a remo\u00e7\u00e3o da esp\u00e9cie invasora.<\/li>\n<\/ul>\n\n\n\n<p class=\"wp-block-paragraph\">Segundo a prefeitura, o objetivo \u00e9 impedir que a planta continue avan\u00e7ando sobre \u00e1reas verdes e garantir a recupera\u00e7\u00e3o da vegeta\u00e7\u00e3o nativa.<\/p>\n\n\n\n<h2 class=\"wp-block-heading\"><strong>Belo Horizonte j\u00e1 desenvolve a\u00e7\u00f5es contra outras esp\u00e9cies invasoras<\/strong><\/h2>\n\n\n\n<p class=\"wp-block-paragraph\">Essa n\u00e3o \u00e9 a primeira iniciativa de controle de praga<strong>s<\/strong> adotada pelo munic\u00edpio. Nos \u00faltimos anos, Belo Horizonte implementou diferentes estrat\u00e9gias para combater esp\u00e9cies que causam impactos ambientais na cidade.<\/p>\n\n\n\n<p class=\"wp-block-paragraph\">Em 2023, foi criado um plano para controlar os besouros met\u00e1licos, insetos respons\u00e1veis por causar danos em diversas \u00e1rvores da capital.<\/p>\n\n\n\n<p class=\"wp-block-paragraph\">Outro exemplo \u00e9 o combate \u00e0s moscas-brancas, praga que provocou a morte de centenas de exemplares de f\u00edcus, especialmente na Avenida Bernardo Monteiro, e que chegou a deixar a capital mineira em <a href=\"https:\/\/cnm.org.br\/comunicacao\/noticias\/moscas-invadem-belo-horizonte-mg-e-deixam-a-cidade-em-situa%C3%A7%C3%A3o-de-emerg%C3%AAncia\" target=\"_blank\" rel=\"noopener\">Situa\u00e7\u00e3o de Emerg\u00eancia<\/a>.<\/p>\n\n\n\n<p class=\"wp-block-paragraph\">Atualmente, esse controle biol\u00f3gico \u00e9 realizado por meio da soltura de joaninhas, predadoras naturais dessa esp\u00e9cie, produzidas em uma biof\u00e1brica mantida pela prefeitura, reduzindo a popula\u00e7\u00e3o do inseto sem causar impactos ao meio ambiente.<\/p>\n\n\n\n<p class=\"wp-block-paragraph\"><\/p>\n","protected":false},"excerpt":{"rendered":"<p>A Prefeitura de Belo Horizonte anunciou um novo plano de controle de pragas para conter o avan\u00e7o da leucena (Leucaena leucocephala), esp\u00e9cie ex\u00f3tica considerada invasora e que representa uma amea\u00e7a \u00e0 vegeta\u00e7\u00e3o nativa da capital. A medida foi autorizada por decreto publicado pelo prefeito \u00c1lvaro Dami\u00e3o no Di\u00e1rio Oficial do Munic\u00edpio (DOM). Nativa da Am\u00e9rica [&hellip;]<\/p>\n","protected":false},"author":3,"featured_media":4932,"comment_status":"closed","ping_status":"open","sticky":false,"template":"","format":"standard","meta":{"_acf_changed":false,"footnotes":""},"categories":[1],"tags":[],"class_list":["post-4925","post","type-post","status-publish","format-standard","has-post-thumbnail","hentry","category-geral"],"acf":{"subtitulo":"Prefeitura vai adotar medidas para erradicar esp\u00e9cie ex\u00f3tica que compromete a vegeta\u00e7\u00e3o nativa e o equil\u00edbrio ambiental na capital mineira","oculta_home":false,"leitura_rapida":""},"_links":{"self":[{"href":"https:\/\/diariodocomercio.com.br\/geral\/wp-json\/wp\/v2\/posts\/4925","targetHints":{"allow":["GET"]}}],"collection":[{"href":"https:\/\/diariodocomercio.com.br\/geral\/wp-json\/wp\/v2\/posts"}],"about":[{"href":"https:\/\/diariodocomercio.com.br\/geral\/wp-json\/wp\/v2\/types\/post"}],"author":[{"embeddable":true,"href":"https:\/\/diariodocomercio.com.br\/geral\/wp-json\/wp\/v2\/users\/3"}],"replies":[{"embeddable":true,"href":"https:\/\/diariodocomercio.com.br\/geral\/wp-json\/wp\/v2\/comments?post=4925"}],"version-history":[{"count":1,"href":"https:\/\/diariodocomercio.com.br\/geral\/wp-json\/wp\/v2\/posts\/4925\/revisions"}],"predecessor-version":[{"id":4933,"href":"https:\/\/diariodocomercio.com.br\/geral\/wp-json\/wp\/v2\/posts\/4925\/revisions\/4933"}],"wp:featuredmedia":[{"embeddable":true,"href":"https:\/\/diariodocomercio.com.br\/geral\/wp-json\/wp\/v2\/media\/4932"}],"wp:attachment":[{"href":"https:\/\/diariodocomercio.com.br\/geral\/wp-json\/wp\/v2\/media?parent=4925"}],"wp:term":[{"taxonomy":"category","embeddable":true,"href":"https:\/\/diariodocomercio.com.br\/geral\/wp-json\/wp\/v2\/categories?post=4925"},{"taxonomy":"post_tag","embeddable":true,"href":"https:\/\/diariodocomercio.com.br\/geral\/wp-json\/wp\/v2\/tags?post=4925"}],"curies":[{"name":"wp","href":"https:\/\/api.w.org\/{rel}","templated":true}]}}