{"id":4971,"date":"2026-07-23T08:15:00","date_gmt":"2026-07-23T11:15:00","guid":{"rendered":"https:\/\/diariodocomercio.com.br\/geral\/?p=4971"},"modified":"2026-07-22T20:46:47","modified_gmt":"2026-07-22T23:46:47","slug":"cadunico-veja-mudancas-de-regras-para-quem-mora-sozinho","status":"publish","type":"post","link":"https:\/\/diariodocomercio.com.br\/geral\/cadunico-veja-mudancas-de-regras-para-quem-mora-sozinho\/","title":{"rendered":"Menos burocracia no Bolsa Fam\u00edlia para quem mora sozinho: entenda mudan\u00e7as no Cad\u00danico"},"content":{"rendered":"\n<p class=\"wp-block-paragraph\">O <a href=\"https:\/\/www.gov.br\/pt-br\" target=\"_blank\" rel=\"noopener\">Governo Federal<\/a> alterou as regras do Cadastro \u00danico (Cad\u00danico) para facilitar o acesso de pessoas que moram sozinhas aos programas sociais. Com a mudan\u00e7a tempor\u00e1ria, at\u00e9 julho de 2027, a entrevista domiciliar deixa de ser obrigat\u00f3ria para a inscri\u00e7\u00e3o, atualiza\u00e7\u00e3o cadastral e manuten\u00e7\u00e3o de benef\u00edcios das chamadas fam\u00edlias unipessoais.<\/p>\n\n\n\n<p class=\"wp-block-paragraph\">A nova norma foi publicada pelo Minist\u00e9rio do Desenvolvimento e Assist\u00eancia Social, Fam\u00edlia e Combate \u00e0 Fome (MDS) e busca reduzir a burocracia para que pessoas em situa\u00e7\u00e3o de vulnerabilidade tenham acesso a programas como o Bolsa Fam\u00edlia e o Benef\u00edcio de Presta\u00e7\u00e3o Continuada (BPC).<\/p>\n\n\n\n<h2 class=\"wp-block-heading\"><strong>O que muda no Cad\u00danico para quem mora sozinho<\/strong><\/h2>\n\n\n\n<p class=\"wp-block-paragraph\">Com a altera\u00e7\u00e3o, a aus\u00eancia da entrevista domiciliar n\u00e3o poder\u00e1 ser utilizada como motivo para impedir a inscri\u00e7\u00e3o no Cad\u00danico, a atualiza\u00e7\u00e3o dos dados cadastrais e a manuten\u00e7\u00e3o de benef\u00edcios sociais, como o Bolsa Fam\u00edlia e o BPC.<\/p>\n\n\n\n<p class=\"wp-block-paragraph\">A flexibiliza\u00e7\u00e3o vale exclusivamente para fam\u00edlias compostas por apenas uma pessoa e permanecer\u00e1 em vigor at\u00e9 julho de 2027.<\/p>\n\n\n\n<p class=\"wp-block-paragraph\">Segundo o governo, a medida pretende agilizar os atendimentos e evitar que a falta de disponibilidade para visitas domiciliares atrase o acesso aos programas sociais.<\/p>\n\n\n\n<h2 class=\"wp-block-heading\"><strong>Quando a entrevista continua sendo obrigat\u00f3ria<\/strong><\/h2>\n\n\n\n<p class=\"wp-block-paragraph\">Apesar da mudan\u00e7a, a entrevista domiciliar continua sendo exigida em algumas situa\u00e7\u00f5es.<\/p>\n\n\n\n<p class=\"wp-block-paragraph\">De acordo com o Minist\u00e9rio do Desenvolvimento e Assist\u00eancia Social, ela permanece obrigat\u00f3ria em duas situa\u00e7\u00f5es: fam\u00edlias unipessoais que solicitarem o ingresso no Bolsa Fam\u00edlia e fam\u00edlias que estiverem em processo de averigua\u00e7\u00e3o cadastral por apresentarem ind\u00edcios de inconsist\u00eancias ou irregularidades nas informa\u00e7\u00f5es.<\/p>\n\n\n\n<p class=\"wp-block-paragraph\">Nesses casos, a visita faz parte dos procedimentos de verifica\u00e7\u00e3o adotados pelo governo para confirmar a situa\u00e7\u00e3o do benefici\u00e1rio.<\/p>\n\n\n\n<h2 class=\"wp-block-heading\"><strong>O que \u00e9 o Cad\u00danico?<\/strong><\/h2>\n\n\n\n<p class=\"wp-block-paragraph\">O Cad\u00danico \u00e9 o principal cadastro utilizado pelo Governo Federal para identificar fam\u00edlias de baixa renda e conceder acesso a programas sociais.<\/p>\n\n\n\n<p class=\"wp-block-paragraph\">Criado em 2001, ele re\u00fane informa\u00e7\u00f5es socioecon\u00f4micas dos brasileiros em situa\u00e7\u00e3o de pobreza e extrema pobreza, funcionando como porta de entrada para diversos benef\u00edcios, entre eles:<\/p>\n\n\n\n<ul class=\"wp-block-list\">\n<li>Bolsa Fam\u00edlia;<\/li>\n\n\n\n<li>Benef\u00edcio de Presta\u00e7\u00e3o Continuada (BPC);<\/li>\n\n\n\n<li>Tarifa Social de Energia El\u00e9trica;<\/li>\n\n\n\n<li>Programas habitacionais;<\/li>\n\n\n\n<li>Benef\u00edcios estaduais e municipais.<\/li>\n<\/ul>\n\n\n\n<p class=\"wp-block-paragraph\">Manter os dados atualizados continua sendo uma exig\u00eancia para quem deseja permanecer apto a receber os benef\u00edcios sociais.<\/p>\n","protected":false},"excerpt":{"rendered":"<p>O Governo Federal alterou as regras do Cadastro \u00danico (Cad\u00danico) para facilitar o acesso de pessoas que moram sozinhas aos programas sociais. Com a mudan\u00e7a tempor\u00e1ria, at\u00e9 julho de 2027, a entrevista domiciliar deixa de ser obrigat\u00f3ria para a inscri\u00e7\u00e3o, atualiza\u00e7\u00e3o cadastral e manuten\u00e7\u00e3o de benef\u00edcios das chamadas fam\u00edlias unipessoais. A nova norma foi publicada [&hellip;]<\/p>\n","protected":false},"author":3,"featured_media":3156,"comment_status":"closed","ping_status":"open","sticky":false,"template":"","format":"standard","meta":{"_acf_changed":false,"footnotes":""},"categories":[1],"tags":[],"class_list":["post-4971","post","type-post","status-publish","format-standard","has-post-thumbnail","hentry","category-geral"],"acf":{"subtitulo":"Governo Federal flexibiliza exig\u00eancia de entrevista domiciliar para fam\u00edlias unipessoais inscritas no Cad\u00danico; regra vale at\u00e9 julho de 2027","oculta_home":false,"leitura_rapida":""},"_links":{"self":[{"href":"https:\/\/diariodocomercio.com.br\/geral\/wp-json\/wp\/v2\/posts\/4971","targetHints":{"allow":["GET"]}}],"collection":[{"href":"https:\/\/diariodocomercio.com.br\/geral\/wp-json\/wp\/v2\/posts"}],"about":[{"href":"https:\/\/diariodocomercio.com.br\/geral\/wp-json\/wp\/v2\/types\/post"}],"author":[{"embeddable":true,"href":"https:\/\/diariodocomercio.com.br\/geral\/wp-json\/wp\/v2\/users\/3"}],"replies":[{"embeddable":true,"href":"https:\/\/diariodocomercio.com.br\/geral\/wp-json\/wp\/v2\/comments?post=4971"}],"version-history":[{"count":1,"href":"https:\/\/diariodocomercio.com.br\/geral\/wp-json\/wp\/v2\/posts\/4971\/revisions"}],"predecessor-version":[{"id":4972,"href":"https:\/\/diariodocomercio.com.br\/geral\/wp-json\/wp\/v2\/posts\/4971\/revisions\/4972"}],"wp:featuredmedia":[{"embeddable":true,"href":"https:\/\/diariodocomercio.com.br\/geral\/wp-json\/wp\/v2\/media\/3156"}],"wp:attachment":[{"href":"https:\/\/diariodocomercio.com.br\/geral\/wp-json\/wp\/v2\/media?parent=4971"}],"wp:term":[{"taxonomy":"category","embeddable":true,"href":"https:\/\/diariodocomercio.com.br\/geral\/wp-json\/wp\/v2\/categories?post=4971"},{"taxonomy":"post_tag","embeddable":true,"href":"https:\/\/diariodocomercio.com.br\/geral\/wp-json\/wp\/v2\/tags?post=4971"}],"curies":[{"name":"wp","href":"https:\/\/api.w.org\/{rel}","templated":true}]}}