{"id":4976,"date":"2026-07-23T09:21:04","date_gmt":"2026-07-23T12:21:04","guid":{"rendered":"https:\/\/diariodocomercio.com.br\/geral\/?p=4976"},"modified":"2026-07-23T13:36:46","modified_gmt":"2026-07-23T16:36:46","slug":"nis-final-4-recebe-bolsa-familia-jul","status":"publish","type":"post","link":"https:\/\/diariodocomercio.com.br\/geral\/nis-final-4-recebe-bolsa-familia-jul\/","title":{"rendered":"NIS final 4 recebe hoje o Bolsa Fam\u00edlia, inclusive quem j\u00e1 est\u00e1 empregado"},"content":{"rendered":"\n<p class=\"wp-block-paragraph\">Quem tem NIS de final 4 no <a href=\"https:\/\/www.gov.br\/mds\/pt-br\/acoes-e-programas\/bolsa-familia\" target=\"_blank\" rel=\"noopener\">Bolsa Fam\u00edlia<\/a> j\u00e1 recebe a parcela de julho nesta quinta-feira (23\/7). O valor m\u00e9dio pago neste ciclo \u00e9 de R$ 679,19, com piso fixado em R$ 600.<\/p>\n\n\n\n<h2 class=\"wp-block-heading\">Adicionais aumentam o valor do Bolsa Fam\u00edlia<\/h2>\n\n\n\n<p class=\"wp-block-paragraph\">Al\u00e9m do valor base, tr\u00eas adicionais podem elevar o total recebido por cada fam\u00edlia.<\/p>\n\n\n\n<p class=\"wp-block-paragraph\">M\u00e3es de beb\u00eas com at\u00e9 6 meses t\u00eam direito ao Benef\u00edcio Vari\u00e1vel Familiar Nutriz: seis parcelas de R$ 50. Fam\u00edlias com gestantes ou filhos entre 7 e 18 anos ganham mais R$ 50. O adicional mais alto, de R$ 150, vai para lares com crian\u00e7as de at\u00e9 6 anos.<\/p>\n\n\n\n<h2 class=\"wp-block-heading\"><strong>Regra de prote\u00e7\u00e3o garante renda mesmo ap\u00f3s emprego<\/strong><\/h2>\n\n\n\n<p class=\"wp-block-paragraph\">Quem encontrou emprego e perdeu o direito ao benef\u00edcio pleno pode continuar recebendo metade do valor por at\u00e9 um ano, desde que nenhum familiar ganhe mais que meio sal\u00e1rio m\u00ednimo. Quem j\u00e1 estava nessa condi\u00e7\u00e3o antes de junho de 2025 tem direito ao prazo mais longo, de dois anos.&nbsp;<\/p>\n\n\n\n<p class=\"wp-block-paragraph\">O calend\u00e1rio de julho segue o padr\u00e3o dos \u00faltimos dez dias \u00fateis do m\u00eas. Veja o <a href=\"https:\/\/diariodocomercio.com.br\/geral\/bolsa-familia-de-julho-comeca-a-ser-pago-hoje-veja-o-calendario-completo\/\">calend\u00e1rio completo do Bolsa Fam\u00edlia de julho<\/a>.<\/p>\n","protected":false},"excerpt":{"rendered":"<p>Quem tem NIS de final 4 no Bolsa Fam\u00edlia j\u00e1 recebe a parcela de julho nesta quinta-feira (23\/7). O valor m\u00e9dio pago neste ciclo \u00e9 de R$ 679,19, com piso fixado em R$ 600. Adicionais aumentam o valor do Bolsa Fam\u00edlia Al\u00e9m do valor base, tr\u00eas adicionais podem elevar o total recebido por cada fam\u00edlia. [&hellip;]<\/p>\n","protected":false},"author":4,"featured_media":4982,"comment_status":"closed","ping_status":"open","sticky":false,"template":"","format":"standard","meta":{"_acf_changed":false,"footnotes":""},"categories":[1,9],"tags":[],"class_list":["post-4976","post","type-post","status-publish","format-standard","has-post-thumbnail","hentry","category-geral","category-economia"],"acf":{"subtitulo":"Al\u00e9m do piso de R$ 600, benefici\u00e1rios com NIS final 4 podem receber at\u00e9 R$ 150 a mais dependendo da composi\u00e7\u00e3o familiar","oculta_home":false,"leitura_rapida":""},"_links":{"self":[{"href":"https:\/\/diariodocomercio.com.br\/geral\/wp-json\/wp\/v2\/posts\/4976","targetHints":{"allow":["GET"]}}],"collection":[{"href":"https:\/\/diariodocomercio.com.br\/geral\/wp-json\/wp\/v2\/posts"}],"about":[{"href":"https:\/\/diariodocomercio.com.br\/geral\/wp-json\/wp\/v2\/types\/post"}],"author":[{"embeddable":true,"href":"https:\/\/diariodocomercio.com.br\/geral\/wp-json\/wp\/v2\/users\/4"}],"replies":[{"embeddable":true,"href":"https:\/\/diariodocomercio.com.br\/geral\/wp-json\/wp\/v2\/comments?post=4976"}],"version-history":[{"count":6,"href":"https:\/\/diariodocomercio.com.br\/geral\/wp-json\/wp\/v2\/posts\/4976\/revisions"}],"predecessor-version":[{"id":5015,"href":"https:\/\/diariodocomercio.com.br\/geral\/wp-json\/wp\/v2\/posts\/4976\/revisions\/5015"}],"wp:featuredmedia":[{"embeddable":true,"href":"https:\/\/diariodocomercio.com.br\/geral\/wp-json\/wp\/v2\/media\/4982"}],"wp:attachment":[{"href":"https:\/\/diariodocomercio.com.br\/geral\/wp-json\/wp\/v2\/media?parent=4976"}],"wp:term":[{"taxonomy":"category","embeddable":true,"href":"https:\/\/diariodocomercio.com.br\/geral\/wp-json\/wp\/v2\/categories?post=4976"},{"taxonomy":"post_tag","embeddable":true,"href":"https:\/\/diariodocomercio.com.br\/geral\/wp-json\/wp\/v2\/tags?post=4976"}],"curies":[{"name":"wp","href":"https:\/\/api.w.org\/{rel}","templated":true}]}}