{"id":4983,"date":"2026-07-23T10:12:21","date_gmt":"2026-07-23T13:12:21","guid":{"rendered":"https:\/\/diariodocomercio.com.br\/geral\/?p=4983"},"modified":"2026-07-23T13:36:32","modified_gmt":"2026-07-23T16:36:32","slug":"sensor-de-glicose-para-criancas-mg","status":"publish","type":"post","link":"https:\/\/diariodocomercio.com.br\/geral\/sensor-de-glicose-para-criancas-mg\/","title":{"rendered":"Mariana entrega sensor de glicose gr\u00e1tis para crian\u00e7as com diabetes"},"content":{"rendered":"\n<p class=\"wp-block-paragraph\">Crian\u00e7as com diabetes mellitus tipo 1 atendidas pelo SUS em Mariana passaram a receber o sensor de glicose gratuitamente a partir da ter\u00e7a-feira (21\/7), por meio de um programa da <a href=\"https:\/\/www.mariana.mg.gov.br\/\" target=\"_blank\" rel=\"noopener\">Prefeitura<\/a>. O dispositivo, modelo FreeStyle Libre, faz leitura cont\u00ednua da glicemia e dispensa as m\u00faltiplas picadas di\u00e1rias no dedo.<\/p>\n\n\n\n<p class=\"wp-block-paragraph\">O sensor n\u00e3o est\u00e1 inclu\u00eddo na lista de cobertura do SUS federal. Recentemente, <a href=\"https:\/\/diariodocomercio.com.br\/geral\/sensores-de-glicose-distribuicao-montes-claros\/\">Montes Claros tamb\u00e9m passou a distribuir<\/a> o dispositivo gratuitamente pela rede p\u00fablica. Quem n\u00e3o tem acesso a programas municipais paga cerca de R$ 900 por m\u00eas ou recorre \u00e0 Justi\u00e7a para obter o equipamento.<\/p>\n\n\n\n<h2 class=\"wp-block-heading\"><strong>Sensor de glicose para crian\u00e7as manda alerta no celular<\/strong><\/h2>\n\n\n\n<p class=\"wp-block-paragraph\">Um adesivo fixado no bra\u00e7o capta os n\u00edveis de glicose por at\u00e9 15 dias consecutivos. As leituras chegam em tempo real ao celular da fam\u00edlia ou a um leitor port\u00e1til, permitindo identificar quedas bruscas de glicemia antes que se tornem emerg\u00eancia.&nbsp;<\/p>\n\n\n\n<h2 class=\"wp-block-heading\"><strong>Idade, diagn\u00f3stico e UBS definem quem recebe o sensor&nbsp;<\/strong><\/h2>\n\n\n\n<p class=\"wp-block-paragraph\">A Lei n\u00ba 3.948\/2025 estabelece os crit\u00e9rios de acesso. S\u00e3o atendidas crian\u00e7as entre 2 anos e 12 anos, 11 meses e 29 dias, com diagn\u00f3stico confirmado de diabetes tipo 1 e cadastro ativo na Unidade B\u00e1sica de Sa\u00fade (UBS) do bairro. A partir dos 4 anos, exige-se comprovante de matr\u00edcula em escola da rede p\u00fablica municipal.<\/p>\n\n\n\n<p class=\"wp-block-paragraph\">Laudo e prescri\u00e7\u00e3o devem ser emitidos por profissional do SUS e t\u00eam validade de seis meses.<\/p>\n\n\n\n<p class=\"wp-block-paragraph\">Atualmente, 16 crian\u00e7as se enquadram nos requisitos. O prefeito Juliano Duarte afirmou durante o lan\u00e7amento que o programa passou por an\u00e1lise de impacto or\u00e7ament\u00e1rio, aprova\u00e7\u00e3o na C\u00e2mara Municipal, regulamenta\u00e7\u00e3o e processo de licita\u00e7\u00e3o at\u00e9 chegar \u00e0 distribui\u00e7\u00e3o.<\/p>\n\n\n\n<p class=\"wp-block-paragraph\">Fam\u00edlias interessadas devem procurar a UBS de refer\u00eancia para verificar o processo de solicita\u00e7\u00e3o do benef\u00edcio.&nbsp;<\/p>\n","protected":false},"excerpt":{"rendered":"<p>Crian\u00e7as com diabetes mellitus tipo 1 atendidas pelo SUS em Mariana passaram a receber o sensor de glicose gratuitamente a partir da ter\u00e7a-feira (21\/7), por meio de um programa da Prefeitura. O dispositivo, modelo FreeStyle Libre, faz leitura cont\u00ednua da glicemia e dispensa as m\u00faltiplas picadas di\u00e1rias no dedo. O sensor n\u00e3o est\u00e1 inclu\u00eddo na [&hellip;]<\/p>\n","protected":false},"author":4,"featured_media":4990,"comment_status":"closed","ping_status":"open","sticky":false,"template":"","format":"standard","meta":{"_acf_changed":false,"footnotes":""},"categories":[11],"tags":[],"class_list":["post-4983","post","type-post","status-publish","format-standard","has-post-thumbnail","hentry","category-cidades"],"acf":{"subtitulo":"Dispositivo monitora glicemia por 15 dias seguidos e envia alertas em tempo real para o celular da fam\u00edlia","oculta_home":false,"leitura_rapida":""},"_links":{"self":[{"href":"https:\/\/diariodocomercio.com.br\/geral\/wp-json\/wp\/v2\/posts\/4983","targetHints":{"allow":["GET"]}}],"collection":[{"href":"https:\/\/diariodocomercio.com.br\/geral\/wp-json\/wp\/v2\/posts"}],"about":[{"href":"https:\/\/diariodocomercio.com.br\/geral\/wp-json\/wp\/v2\/types\/post"}],"author":[{"embeddable":true,"href":"https:\/\/diariodocomercio.com.br\/geral\/wp-json\/wp\/v2\/users\/4"}],"replies":[{"embeddable":true,"href":"https:\/\/diariodocomercio.com.br\/geral\/wp-json\/wp\/v2\/comments?post=4983"}],"version-history":[{"count":6,"href":"https:\/\/diariodocomercio.com.br\/geral\/wp-json\/wp\/v2\/posts\/4983\/revisions"}],"predecessor-version":[{"id":5014,"href":"https:\/\/diariodocomercio.com.br\/geral\/wp-json\/wp\/v2\/posts\/4983\/revisions\/5014"}],"wp:featuredmedia":[{"embeddable":true,"href":"https:\/\/diariodocomercio.com.br\/geral\/wp-json\/wp\/v2\/media\/4990"}],"wp:attachment":[{"href":"https:\/\/diariodocomercio.com.br\/geral\/wp-json\/wp\/v2\/media?parent=4983"}],"wp:term":[{"taxonomy":"category","embeddable":true,"href":"https:\/\/diariodocomercio.com.br\/geral\/wp-json\/wp\/v2\/categories?post=4983"},{"taxonomy":"post_tag","embeddable":true,"href":"https:\/\/diariodocomercio.com.br\/geral\/wp-json\/wp\/v2\/tags?post=4983"}],"curies":[{"name":"wp","href":"https:\/\/api.w.org\/{rel}","templated":true}]}}