{"id":4996,"date":"2026-07-23T12:02:25","date_gmt":"2026-07-23T15:02:25","guid":{"rendered":"https:\/\/diariodocomercio.com.br\/geral\/?p=4996"},"modified":"2026-07-23T12:02:26","modified_gmt":"2026-07-23T15:02:26","slug":"cemig-condenada-em-pouso-alegre","status":"publish","type":"post","link":"https:\/\/diariodocomercio.com.br\/geral\/cemig-condenada-em-pouso-alegre\/","title":{"rendered":"Cemig \u00e9 condenada a pagar R$ 150 mil por fios soltos em postes"},"content":{"rendered":"\n<p class=\"wp-block-paragraph\">Fios ca\u00eddos e cabos emaranhados nos postes de Pouso Alegre, no Sul de Minas Gerais, vinham causando acidentes com ciclistas e motociclistas, segundo o Munic\u00edpio. A Cemig foi condenada a pagar R$ 150 mil por danos morais coletivos e tem prazo para reorganizar toda a rede urbana.&nbsp;<\/p>\n\n\n\n<p class=\"wp-block-paragraph\">A senten\u00e7a \u00e9 resultado de a\u00e7\u00e3o civil p\u00fablica protocolada pela <a href=\"https:\/\/pousoalegre.mg.gov.br\/\" target=\"_blank\" rel=\"noopener\">Prefeitura de Pouso Alegre<\/a> em 2023. A empresa tem 30 dias para apresentar o cronograma de trabalho e 180 dias para concluir a regulariza\u00e7\u00e3o. O prazo para recorrer vence em 30 de julho.<\/p>\n\n\n\n<h2 class=\"wp-block-heading\"><strong>Irregularidades se acumularam mesmo ap\u00f3s liminar de 2023<\/strong><\/h2>\n\n\n\n<p class=\"wp-block-paragraph\">Fiscaliza\u00e7\u00f5es municipais registraram cabos emaranhados, fios ca\u00eddos e fia\u00e7\u00e3o solta espalhados pela cidade. A senten\u00e7a reconheceu que o estado da rede exp\u00f4s moradores a riscos e gerou impacto negativo na paisagem urbana.<\/p>\n\n\n\n<p class=\"wp-block-paragraph\">A procuradora-geral do Munic\u00edpio, Graziela Brianezi, afirmou \u00e0 EPTV que a situa\u00e7\u00e3o vinha gerando consequ\u00eancias diretas para quem circula pelas vias. Segundo ela, os postes s\u00e3o compartilhados com empresas de telefonia e internet que frequentemente deixam cabos soltos ap\u00f3s interven\u00e7\u00f5es. &#8220;A organiza\u00e7\u00e3o dessa fia\u00e7\u00e3o, que muitas vezes est\u00e1 cortada em raz\u00e3o da altura n\u00e3o adequada, vem causando diversos acidentes, principalmente com ciclistas e motociclistas. Ent\u00e3o, essa reorganiza\u00e7\u00e3o vai ficar mais evidente para a popula\u00e7\u00e3o&#8221;, declarou.<\/p>\n\n\n\n<p class=\"wp-block-paragraph\">Brianezi acrescentou que uma liminar foi obtida ainda em 2023, mas sua execu\u00e7\u00e3o n\u00e3o avan\u00e7ou como esperado. Ao longo da tramita\u00e7\u00e3o, a prefeitura manteve as fiscaliza\u00e7\u00f5es e acumulou registros das irregularidades.<\/p>\n\n\n\n<h2 class=\"wp-block-heading\"><strong>Cemig diz que cabos pertencem \u00e0s operadoras<\/strong><\/h2>\n\n\n\n<p class=\"wp-block-paragraph\">A Cemig informou, em nota, que vai examinar os termos da decis\u00e3o antes de definir os pr\u00f3ximos passos. A concession\u00e1ria sustenta que os cabos de telecomunica\u00e7\u00f5es fixados em sua estrutura s\u00e3o de propriedade das prestadoras, que respondem pela instala\u00e7\u00e3o, manuten\u00e7\u00e3o e retirada dos equipamentos e que monitora o uso dos postes e aciona as prestadoras sempre que detecta ocupa\u00e7\u00f5es irregulares.<\/p>\n\n\n\n<p class=\"wp-block-paragraph\"><\/p>\n","protected":false},"excerpt":{"rendered":"<p>Fios ca\u00eddos e cabos emaranhados nos postes de Pouso Alegre, no Sul de Minas Gerais, vinham causando acidentes com ciclistas e motociclistas, segundo o Munic\u00edpio. A Cemig foi condenada a pagar R$ 150 mil por danos morais coletivos e tem prazo para reorganizar toda a rede urbana.&nbsp; A senten\u00e7a \u00e9 resultado de a\u00e7\u00e3o civil p\u00fablica [&hellip;]<\/p>\n","protected":false},"author":4,"featured_media":5001,"comment_status":"closed","ping_status":"open","sticky":false,"template":"","format":"standard","meta":{"_acf_changed":false,"footnotes":""},"categories":[11],"tags":[],"class_list":["post-4996","post","type-post","status-publish","format-standard","has-post-thumbnail","hentry","category-cidades"],"acf":{"subtitulo":"Justi\u00e7a d\u00e1 180 dias para concession\u00e1ria reorganizar toda a rede urbana ap\u00f3s a\u00e7\u00e3o da Prefeitura de Pouso Alegre","oculta_home":false,"leitura_rapida":""},"_links":{"self":[{"href":"https:\/\/diariodocomercio.com.br\/geral\/wp-json\/wp\/v2\/posts\/4996","targetHints":{"allow":["GET"]}}],"collection":[{"href":"https:\/\/diariodocomercio.com.br\/geral\/wp-json\/wp\/v2\/posts"}],"about":[{"href":"https:\/\/diariodocomercio.com.br\/geral\/wp-json\/wp\/v2\/types\/post"}],"author":[{"embeddable":true,"href":"https:\/\/diariodocomercio.com.br\/geral\/wp-json\/wp\/v2\/users\/4"}],"replies":[{"embeddable":true,"href":"https:\/\/diariodocomercio.com.br\/geral\/wp-json\/wp\/v2\/comments?post=4996"}],"version-history":[{"count":5,"href":"https:\/\/diariodocomercio.com.br\/geral\/wp-json\/wp\/v2\/posts\/4996\/revisions"}],"predecessor-version":[{"id":5002,"href":"https:\/\/diariodocomercio.com.br\/geral\/wp-json\/wp\/v2\/posts\/4996\/revisions\/5002"}],"wp:featuredmedia":[{"embeddable":true,"href":"https:\/\/diariodocomercio.com.br\/geral\/wp-json\/wp\/v2\/media\/5001"}],"wp:attachment":[{"href":"https:\/\/diariodocomercio.com.br\/geral\/wp-json\/wp\/v2\/media?parent=4996"}],"wp:term":[{"taxonomy":"category","embeddable":true,"href":"https:\/\/diariodocomercio.com.br\/geral\/wp-json\/wp\/v2\/categories?post=4996"},{"taxonomy":"post_tag","embeddable":true,"href":"https:\/\/diariodocomercio.com.br\/geral\/wp-json\/wp\/v2\/tags?post=4996"}],"curies":[{"name":"wp","href":"https:\/\/api.w.org\/{rel}","templated":true}]}}