{"id":5003,"date":"2026-07-23T13:30:00","date_gmt":"2026-07-23T16:30:00","guid":{"rendered":"https:\/\/diariodocomercio.com.br\/geral\/?p=5003"},"modified":"2026-07-23T13:26:13","modified_gmt":"2026-07-23T16:26:13","slug":"bh-lei-de-ia-no-servico-publico","status":"publish","type":"post","link":"https:\/\/diariodocomercio.com.br\/geral\/bh-lei-de-ia-no-servico-publico\/","title":{"rendered":"BH aprova uso de IA na sa\u00fade, na escola e na seguran\u00e7a p\u00fablica"},"content":{"rendered":"\n<p class=\"wp-block-paragraph\">Sa\u00fade, educa\u00e7\u00e3o, seguran\u00e7a e mobilidade urbana de Belo Horizonte poder\u00e3o ser gerenciadas com apoio de intelig\u00eancia artificial (IA). A <a href=\"https:\/\/prefeitura.pbh.gov.br\" target=\"_blank\" rel=\"noopener\">Prefeitura de Belo Horizonte<\/a> sancionou na quarta-feira (22\/7) a lei que autoriza o uso de IA em pelo menos seis frentes do servi\u00e7o p\u00fablico municipal.&nbsp;<\/p>\n\n\n\n<p class=\"wp-block-paragraph\">O texto tem autoria do vereador Vile Santos (PL) e j\u00e1 est\u00e1 em vigor. Na vota\u00e7\u00e3o no Plen\u00e1rio, Santos defendeu que a ado\u00e7\u00e3o da IA na gest\u00e3o trar\u00e1 melhora no atendimento e na celeridade dos servi\u00e7os.<\/p>\n\n\n\n<h2 class=\"wp-block-heading\"><strong>O que muda com o uso de IA no servi\u00e7o p\u00fablico<\/strong><\/h2>\n\n\n\n<p class=\"wp-block-paragraph\">Na sa\u00fade, a lei contempla agendamento de consultas, suporte a diagn\u00f3sticos, triagem de pacientes e controle de estoque.<\/p>\n\n\n\n<p class=\"wp-block-paragraph\">Na educa\u00e7\u00e3o, o foco recai sobre a <a href=\"https:\/\/diariodocomercio.com.br\/geral\/inteligencia-artificial-na-escola-bh\/\">personaliza\u00e7\u00e3o do aprendizado e gest\u00e3o escolar<\/a>.<\/p>\n\n\n\n<p class=\"wp-block-paragraph\">Para a seguran\u00e7a p\u00fablica, a norma autoriza monitoramento por imagem, uso de dados para inibir ocorr\u00eancias e suporte \u00e0 gest\u00e3o operacional.<\/p>\n\n\n\n<p class=\"wp-block-paragraph\">Mobilidade urbana, atendimento ao cidad\u00e3o e planejamento urbano tamb\u00e9m est\u00e3o no escopo da lei. O texto cita controle semaf\u00f3rico, assistentes virtuais para triagem de demandas e an\u00e1lise preditiva de dados como exemplos de aplica\u00e7\u00e3o permitida.<\/p>\n\n\n\n<h2 class=\"wp-block-heading\"><strong>O que a lei pro\u00edbe e quais garantias s\u00e3o asseguradas<\/strong><\/h2>\n\n\n\n<p class=\"wp-block-paragraph\">A norma pro\u00edbe que sistemas automatizados tomem decis\u00f5es que exijam avalia\u00e7\u00e3o \u00e9tica, moral, pol\u00edtica ou jur\u00eddica. O texto exige mecanismos para evitar discrimina\u00e7\u00e3o, clareza nos crit\u00e9rios algor\u00edtmicos utilizados e revis\u00e3o humana obrigat\u00f3ria sobre os resultados gerados pela IA.<\/p>\n\n\n\n<p class=\"wp-block-paragraph\">Qualquer implanta\u00e7\u00e3o de intelig\u00eancia artificial na cidade deve ser precedida de crit\u00e9rios t\u00e9cnicos e estudos de viabilidade. A <a href=\"https:\/\/www.planalto.gov.br\/ccivil_03\/_ato2015-2018\/2018\/lei\/l13709.htm\" target=\"_blank\" rel=\"noopener\">Lei Geral de Prote\u00e7\u00e3o de Dados (LGPD)<\/a> \u00e9 citada no texto como refer\u00eancia obrigat\u00f3ria.&nbsp;<\/p>\n\n\n\n<p class=\"wp-block-paragraph\">O Executivo municipal est\u00e1 autorizado a firmar parcerias com entidades p\u00fablicas, privadas e do meio acad\u00eamico para desenvolver e supervisionar as solu\u00e7\u00f5es.<\/p>\n","protected":false},"excerpt":{"rendered":"<p>Sa\u00fade, educa\u00e7\u00e3o, seguran\u00e7a e mobilidade urbana de Belo Horizonte poder\u00e3o ser gerenciadas com apoio de intelig\u00eancia artificial (IA). A Prefeitura de Belo Horizonte sancionou na quarta-feira (22\/7) a lei que autoriza o uso de IA em pelo menos seis frentes do servi\u00e7o p\u00fablico municipal.&nbsp; O texto tem autoria do vereador Vile Santos (PL) e j\u00e1 [&hellip;]<\/p>\n","protected":false},"author":4,"featured_media":5013,"comment_status":"closed","ping_status":"open","sticky":false,"template":"","format":"standard","meta":{"_acf_changed":false,"footnotes":""},"categories":[11],"tags":[],"class_list":["post-5003","post","type-post","status-publish","format-standard","has-post-thumbnail","hentry","category-cidades"],"acf":{"subtitulo":"Lei sancionada nesta quarta define o que a IA pode decidir e pro\u00edbe substitui\u00e7\u00e3o do julgamento humano na gest\u00e3o municipal","oculta_home":false,"leitura_rapida":""},"_links":{"self":[{"href":"https:\/\/diariodocomercio.com.br\/geral\/wp-json\/wp\/v2\/posts\/5003","targetHints":{"allow":["GET"]}}],"collection":[{"href":"https:\/\/diariodocomercio.com.br\/geral\/wp-json\/wp\/v2\/posts"}],"about":[{"href":"https:\/\/diariodocomercio.com.br\/geral\/wp-json\/wp\/v2\/types\/post"}],"author":[{"embeddable":true,"href":"https:\/\/diariodocomercio.com.br\/geral\/wp-json\/wp\/v2\/users\/4"}],"replies":[{"embeddable":true,"href":"https:\/\/diariodocomercio.com.br\/geral\/wp-json\/wp\/v2\/comments?post=5003"}],"version-history":[{"count":4,"href":"https:\/\/diariodocomercio.com.br\/geral\/wp-json\/wp\/v2\/posts\/5003\/revisions"}],"predecessor-version":[{"id":5012,"href":"https:\/\/diariodocomercio.com.br\/geral\/wp-json\/wp\/v2\/posts\/5003\/revisions\/5012"}],"wp:featuredmedia":[{"embeddable":true,"href":"https:\/\/diariodocomercio.com.br\/geral\/wp-json\/wp\/v2\/media\/5013"}],"wp:attachment":[{"href":"https:\/\/diariodocomercio.com.br\/geral\/wp-json\/wp\/v2\/media?parent=5003"}],"wp:term":[{"taxonomy":"category","embeddable":true,"href":"https:\/\/diariodocomercio.com.br\/geral\/wp-json\/wp\/v2\/categories?post=5003"},{"taxonomy":"post_tag","embeddable":true,"href":"https:\/\/diariodocomercio.com.br\/geral\/wp-json\/wp\/v2\/tags?post=5003"}],"curies":[{"name":"wp","href":"https:\/\/api.w.org\/{rel}","templated":true}]}}