{"id":5019,"date":"2026-07-23T14:18:59","date_gmt":"2026-07-23T17:18:59","guid":{"rendered":"https:\/\/diariodocomercio.com.br\/geral\/?p=5019"},"modified":"2026-07-23T14:19:00","modified_gmt":"2026-07-23T17:19:00","slug":"onibus-eletricos-em-montes-claros-mg","status":"publish","type":"post","link":"https:\/\/diariodocomercio.com.br\/geral\/onibus-eletricos-em-montes-claros-mg\/","title":{"rendered":"Montes Claros busca empresa para planejar opera\u00e7\u00e3o dos \u00f4nibus el\u00e9tricos"},"content":{"rendered":"\n<p class=\"wp-block-paragraph\">Os \u00f4nibus el\u00e9tricos de Montes Claros j\u00e1 est\u00e3o sendo fabricados em S\u00e3o Paulo. Enquanto isso, a <a href=\"https:\/\/www.montesclaros.mg.gov.br\/\" target=\"_blank\" rel=\"noopener\">Prefeitura<\/a> conduz uma licita\u00e7\u00e3o para contratar a consultoria t\u00e9cnica que vai planejar a opera\u00e7\u00e3o da nova frota. As propostas podem ser enviadas at\u00e9 2 de agosto.<\/p>\n\n\n\n<p class=\"wp-block-paragraph\">Em junho, o prefeito Guilherme Guimar\u00e3es e o presidente da MCTrans, Vin\u00edcius Pereira Santos, estiveram em Botucatu (SP) para acompanhar, na linha de produ\u00e7\u00e3o da Caio Induscar, <a href=\"https:\/\/diariodocomercio.com.br\/geral\/onibus-eletricos-em-montes-claros\/\">a fabrica\u00e7\u00e3o dos ve\u00edculos adquiridos com caixa pr\u00f3pria do munic\u00edpio<\/a>. A meta \u00e9 ter metade da frota urbana eletrificada at\u00e9 o fim de 2026.&nbsp;<\/p>\n\n\n\n<h2 class=\"wp-block-heading\"><strong>Diagn\u00f3stico, frota e recarga: o que a consultoria vai entregar&nbsp;<\/strong><\/h2>\n\n\n\n<p class=\"wp-block-paragraph\">O trabalho come\u00e7a por um diagn\u00f3stico do sistema atual, com mapeamento do fluxo de passageiros em cada linha, avalia\u00e7\u00e3o da autonomia exigida por rota, capacidade operacional dispon\u00edvel e situa\u00e7\u00e3o da infraestrutura el\u00e9trica nas garagens.<\/p>\n\n\n\n<p class=\"wp-block-paragraph\">Com esses dados, a consultoria definir\u00e1 o modelo operacional da nova frota e o volume e perfil dos ve\u00edculos a adquirir. Em paralelo, projetar\u00e1 a infraestrutura de recarga, com posicionamento dos pontos de recarga, pot\u00eancia exigida e integra\u00e7\u00e3o com a rede distribuidora. Um plano econ\u00f4mico-financeiro detalhar\u00e1 custos de entrada, opera\u00e7\u00e3o e manuten\u00e7\u00e3o.<\/p>\n\n\n\n<p class=\"wp-block-paragraph\">O cliente direto ser\u00e1 a MCTrans, autarquia respons\u00e1vel pelo planejamento do tr\u00e2nsito e transporte no munic\u00edpio.<\/p>\n\n\n\n<h2 class=\"wp-block-heading\"><strong>FNP cobre os R$ 288 mil da consultoria de \u00f4nibus el\u00e9tricos em Montes Claros<\/strong><\/h2>\n\n\n\n<p class=\"wp-block-paragraph\">O contrato de R$ 288 mil ser\u00e1 bancado integralmente pela <a href=\"https:\/\/fnp.org.br\/\" target=\"_blank\" rel=\"noopener\">Frente Nacional de Prefeitas e Prefeitos<\/a> (FNP), no \u00e2mbito do Programa Mutir\u00e3o Brasil, iniciativa federal de apoio \u00e0 eletromobilidade em munic\u00edpios. Montes Claros n\u00e3o desembolsar\u00e1 recursos para a consultoria. O relat\u00f3rio final com todos os resultados ser\u00e1 entregue at\u00e9 fevereiro de 2027.<\/p>\n","protected":false},"excerpt":{"rendered":"<p>Os \u00f4nibus el\u00e9tricos de Montes Claros j\u00e1 est\u00e3o sendo fabricados em S\u00e3o Paulo. Enquanto isso, a Prefeitura conduz uma licita\u00e7\u00e3o para contratar a consultoria t\u00e9cnica que vai planejar a opera\u00e7\u00e3o da nova frota. As propostas podem ser enviadas at\u00e9 2 de agosto. Em junho, o prefeito Guilherme Guimar\u00e3es e o presidente da MCTrans, Vin\u00edcius Pereira [&hellip;]<\/p>\n","protected":false},"author":4,"featured_media":5024,"comment_status":"closed","ping_status":"open","sticky":false,"template":"","format":"standard","meta":{"_acf_changed":false,"footnotes":""},"categories":[11],"tags":[],"class_list":["post-5019","post","type-post","status-publish","format-standard","has-post-thumbnail","hentry","category-cidades"],"acf":{"subtitulo":"Empresas do setor automotivo t\u00eam at\u00e9 2 de agosto para enviar propostas","oculta_home":false,"leitura_rapida":""},"_links":{"self":[{"href":"https:\/\/diariodocomercio.com.br\/geral\/wp-json\/wp\/v2\/posts\/5019","targetHints":{"allow":["GET"]}}],"collection":[{"href":"https:\/\/diariodocomercio.com.br\/geral\/wp-json\/wp\/v2\/posts"}],"about":[{"href":"https:\/\/diariodocomercio.com.br\/geral\/wp-json\/wp\/v2\/types\/post"}],"author":[{"embeddable":true,"href":"https:\/\/diariodocomercio.com.br\/geral\/wp-json\/wp\/v2\/users\/4"}],"replies":[{"embeddable":true,"href":"https:\/\/diariodocomercio.com.br\/geral\/wp-json\/wp\/v2\/comments?post=5019"}],"version-history":[{"count":5,"href":"https:\/\/diariodocomercio.com.br\/geral\/wp-json\/wp\/v2\/posts\/5019\/revisions"}],"predecessor-version":[{"id":5025,"href":"https:\/\/diariodocomercio.com.br\/geral\/wp-json\/wp\/v2\/posts\/5019\/revisions\/5025"}],"wp:featuredmedia":[{"embeddable":true,"href":"https:\/\/diariodocomercio.com.br\/geral\/wp-json\/wp\/v2\/media\/5024"}],"wp:attachment":[{"href":"https:\/\/diariodocomercio.com.br\/geral\/wp-json\/wp\/v2\/media?parent=5019"}],"wp:term":[{"taxonomy":"category","embeddable":true,"href":"https:\/\/diariodocomercio.com.br\/geral\/wp-json\/wp\/v2\/categories?post=5019"},{"taxonomy":"post_tag","embeddable":true,"href":"https:\/\/diariodocomercio.com.br\/geral\/wp-json\/wp\/v2\/tags?post=5019"}],"curies":[{"name":"wp","href":"https:\/\/api.w.org\/{rel}","templated":true}]}}