{"id":5027,"date":"2026-07-23T14:59:23","date_gmt":"2026-07-23T17:59:23","guid":{"rendered":"https:\/\/diariodocomercio.com.br\/geral\/?p=5027"},"modified":"2026-07-23T14:59:24","modified_gmt":"2026-07-23T17:59:24","slug":"com-nova-fabrica-em-betim-nansen-vai-gerar-mais-de-mil-empregos-ate-2027","status":"publish","type":"post","link":"https:\/\/diariodocomercio.com.br\/geral\/com-nova-fabrica-em-betim-nansen-vai-gerar-mais-de-mil-empregos-ate-2027\/","title":{"rendered":"Nova f\u00e1brica chega a Betim e deve gerar mais de 1.000 empregos na regi\u00e3o; vagas dispon\u00edveis no site"},"content":{"rendered":"\n<p class=\"wp-block-paragraph\">A <a href=\"https:\/\/nansen.com.br\/\" target=\"_blank\" rel=\"noopener\">Nansen<\/a>, l\u00edder nacional em tecnologia para medi\u00e7\u00e3o de energia el\u00e9trica, inaugurou nesta quarta-feira (22\/7) sua nova f\u00e1brica de transformadores em Betim. Com investimento de R$ 265 milh\u00f5es, a unidade foi instalada em uma \u00e1rea de 165 mil m\u00b2 no bairro Jardim das Alterosas e tem capacidade para produzir cerca de 145 mil transformadores por ano. A partir de agora, a planta mineira passa a ser a principal base da empresa, que tamb\u00e9m mant\u00e9m atividades produtivas em Manaus (AM).<br><\/p>\n\n\n\n<h2 class=\"wp-block-heading\"><strong>Gera\u00e7\u00e3o de empregos e vagas abertas na Nansen<\/strong><\/h2>\n\n\n\n<p class=\"wp-block-paragraph\">O empreendimento deve gerar 300 empregos diretos e cerca de 800 indiretos, totalizando mais de 1.000 postos de trabalho. Atualmente, a unidade opera com 212 funcion\u00e1rios, sendo 112 nas \u00e1reas administrativas e 100 na produ\u00e7\u00e3o, distribu\u00eddos em dois turnos.&nbsp;<\/p>\n\n\n\n<p class=\"wp-block-paragraph\">As 200 vagas restantes na produ\u00e7\u00e3o devem ser preenchidas at\u00e9 meados de 2027, conforme o ciclo produtivo da f\u00e1brica.<\/p>\n\n\n\n<p class=\"wp-block-paragraph\">Os interessados em trabalhar na Nansen podem acompanhar as oportunidades nas redes sociais da empresa e no <a href=\"http:\/\/nansen.com.br\/trabalhe-conosco\" target=\"_blank\" rel=\"noopener\">site<\/a>, na p\u00e1gina de carreiras, onde tamb\u00e9m \u00e9 poss\u00edvel enviar o curr\u00edculo. Neste momento, para a unidade de Betim, h\u00e1 oportunidades como: T\u00e9cnico Eletricista, T\u00e9cnico de Manuten\u00e7\u00e3o, Engenheiro de Proposta, Analistas e Jovem Aprendiz de RH, Assistente Fiscal, entre outras. <\/p>\n\n\n\n<p class=\"wp-block-paragraph\">De acordo com o CMO da empresa, Ciro Lima, o fato de Betim ser um polo industrial com m\u00e3o de obra qualificada foi determinante para a escolha da regi\u00e3o.<\/p>\n\n\n\n<h2 class=\"wp-block-heading\"><strong>Uma empresa com ra\u00edzes em Minas Gerais<\/strong><\/h2>\n\n\n\n<p class=\"wp-block-paragraph\">A Nansen tem uma longa hist\u00f3ria com o estado. A companhia de origem mineira iniciou suas atividades em Belo Horizonte na d\u00e9cada de 1930, com a fabrica\u00e7\u00e3o de hidr\u00f4metros.&nbsp;<\/p>\n\n\n\n<p class=\"wp-block-paragraph\">Em 1960, as opera\u00e7\u00f5es migraram para Contagem, onde a empresa passou a fornecer hidr\u00f4metros para todo o pa\u00eds. Hoje, a Nansen mant\u00e9m escrit\u00f3rios em Contagem e Manaus, al\u00e9m de unidades de suporte em outros pa\u00edses da Am\u00e9rica Latina, como Peru, M\u00e9xico e Col\u00f4mbia.<\/p>\n\n\n\n<p class=\"wp-block-paragraph\">Parte dos transformadores produzidos na nova f\u00e1brica j\u00e1 tem destino garantido: a Cemig, com <a href=\"https:\/\/diariodocomercio.com.br\/negocios\/nansen-inaugura-fabrica-transformadores-betim\/\">contrato firmado<\/a> no valor de aproximadamente R$ 180 milh\u00f5es. Al\u00e9m dos transformadores, a Nansen afirma estar analisando outros produtos voltados ao setor de energia para futura produ\u00e7\u00e3o em Betim.<\/p>\n\n\n\n<p class=\"wp-block-paragraph\"><\/p>\n","protected":false},"excerpt":{"rendered":"<p>A Nansen, l\u00edder nacional em tecnologia para medi\u00e7\u00e3o de energia el\u00e9trica, inaugurou nesta quarta-feira (22\/7) sua nova f\u00e1brica de transformadores em Betim. Com investimento de R$ 265 milh\u00f5es, a unidade foi instalada em uma \u00e1rea de 165 mil m\u00b2 no bairro Jardim das Alterosas e tem capacidade para produzir cerca de 145 mil transformadores por [&hellip;]<\/p>\n","protected":false},"author":3,"featured_media":5032,"comment_status":"closed","ping_status":"open","sticky":false,"template":"","format":"standard","meta":{"_acf_changed":false,"footnotes":""},"categories":[9,13],"tags":[],"class_list":["post-5027","post","type-post","status-publish","format-standard","has-post-thumbnail","hentry","category-economia","category-regional"],"acf":{"subtitulo":"Nansen inaugura unidade de transformadores com investimento de R$ 265 milh\u00f5es e capacidade para 145 mil equipamentos por ano","oculta_home":false,"leitura_rapida":""},"_links":{"self":[{"href":"https:\/\/diariodocomercio.com.br\/geral\/wp-json\/wp\/v2\/posts\/5027","targetHints":{"allow":["GET"]}}],"collection":[{"href":"https:\/\/diariodocomercio.com.br\/geral\/wp-json\/wp\/v2\/posts"}],"about":[{"href":"https:\/\/diariodocomercio.com.br\/geral\/wp-json\/wp\/v2\/types\/post"}],"author":[{"embeddable":true,"href":"https:\/\/diariodocomercio.com.br\/geral\/wp-json\/wp\/v2\/users\/3"}],"replies":[{"embeddable":true,"href":"https:\/\/diariodocomercio.com.br\/geral\/wp-json\/wp\/v2\/comments?post=5027"}],"version-history":[{"count":1,"href":"https:\/\/diariodocomercio.com.br\/geral\/wp-json\/wp\/v2\/posts\/5027\/revisions"}],"predecessor-version":[{"id":5034,"href":"https:\/\/diariodocomercio.com.br\/geral\/wp-json\/wp\/v2\/posts\/5027\/revisions\/5034"}],"wp:featuredmedia":[{"embeddable":true,"href":"https:\/\/diariodocomercio.com.br\/geral\/wp-json\/wp\/v2\/media\/5032"}],"wp:attachment":[{"href":"https:\/\/diariodocomercio.com.br\/geral\/wp-json\/wp\/v2\/media?parent=5027"}],"wp:term":[{"taxonomy":"category","embeddable":true,"href":"https:\/\/diariodocomercio.com.br\/geral\/wp-json\/wp\/v2\/categories?post=5027"},{"taxonomy":"post_tag","embeddable":true,"href":"https:\/\/diariodocomercio.com.br\/geral\/wp-json\/wp\/v2\/tags?post=5027"}],"curies":[{"name":"wp","href":"https:\/\/api.w.org\/{rel}","templated":true}]}}