{"id":5036,"date":"2026-07-23T15:53:46","date_gmt":"2026-07-23T18:53:46","guid":{"rendered":"https:\/\/diariodocomercio.com.br\/geral\/?p=5036"},"modified":"2026-07-23T15:53:47","modified_gmt":"2026-07-23T18:53:47","slug":"stellantis-de-betim-15-mil-vagas","status":"publish","type":"post","link":"https:\/\/diariodocomercio.com.br\/geral\/stellantis-de-betim-15-mil-vagas\/","title":{"rendered":"Stellantis abre 1,5 mil vagas em Betim com plano de R$ 30 bi"},"content":{"rendered":"\n<p class=\"wp-block-paragraph\">A Stellantis de Betim vai receber 1.500 das 2 mil vagas diretas anunciadas pela montadora na quarta-feira (22\/7), atreladas a um plano de R$ 30 bilh\u00f5es em investimentos at\u00e9 2030. Porto Real, no Rio de Janeiro, absorve as 500 restantes.<\/p>\n\n\n\n<p class=\"wp-block-paragraph\">Antonio Filosa, CEO global da companhia, esteve no <a href=\"https:\/\/www.gov.br\/planalto\/pt-br\" target=\"_blank\" rel=\"noopener\">Pal\u00e1cio do Planalto<\/a> para apresentar o programa ao presidente Lula.<\/p>\n\n\n\n<p class=\"wp-block-paragraph\">A montadora projeta cerca de 20 mil oportunidades adicionais ao longo da cadeia produtiva, geradas em elos distintos da cadeia: fornecedores, opera\u00e7\u00f5es de log\u00edstica e empresas parceiras.<\/p>\n\n\n\n<h2 class=\"wp-block-heading\"><strong><strong>Stellantis de Betim ganha terceiro turno e amplia opera\u00e7\u00e3o<\/strong><\/strong><\/h2>\n\n\n\n<p class=\"wp-block-paragraph\">A expans\u00e3o na unidade mineira inclui a implanta\u00e7\u00e3o de um terceiro turno operacional. Em Porto Real, o plano contempla a abertura do segundo turno e a fabrica\u00e7\u00e3o do modelo Avenger no estado fluminense pela primeira vez.<\/p>\n\n\n\n<p class=\"wp-block-paragraph\">O quadro atual da empresa no Brasil re\u00fane cerca de 35 mil funcion\u00e1rios diretos. Os fornecedores ligados \u00e0 montadora concentram outros 350 mil v\u00ednculos formais no pa\u00eds.<\/p>\n\n\n\n<p class=\"wp-block-paragraph\">Segundo a montadora, 95% dos ve\u00edculos produzidos nas unidades brasileiras t\u00eam origem local, com fabrica\u00e7\u00e3o de motores e transmiss\u00f5es em territ\u00f3rio nacional. O volume anual de compras junto a fornecedores soma R$ 60 bilh\u00f5es, entre a\u00e7o, pl\u00e1stico e insumos qu\u00edmicos.<\/p>\n","protected":false},"excerpt":{"rendered":"<p>A Stellantis de Betim vai receber 1.500 das 2 mil vagas diretas anunciadas pela montadora na quarta-feira (22\/7), atreladas a um plano de R$ 30 bilh\u00f5es em investimentos at\u00e9 2030. Porto Real, no Rio de Janeiro, absorve as 500 restantes. Antonio Filosa, CEO global da companhia, esteve no Pal\u00e1cio do Planalto para apresentar o programa [&hellip;]<\/p>\n","protected":false},"author":4,"featured_media":5042,"comment_status":"closed","ping_status":"open","sticky":false,"template":"","format":"standard","meta":{"_acf_changed":false,"footnotes":""},"categories":[13,9],"tags":[],"class_list":["post-5036","post","type-post","status-publish","format-standard","has-post-thumbnail","hentry","category-regional","category-economia"],"acf":{"subtitulo":"Terceiro turno e 20 mil vagas indiretas marcam expans\u00e3o da Stellantis at\u00e9 2030","oculta_home":false,"leitura_rapida":""},"_links":{"self":[{"href":"https:\/\/diariodocomercio.com.br\/geral\/wp-json\/wp\/v2\/posts\/5036","targetHints":{"allow":["GET"]}}],"collection":[{"href":"https:\/\/diariodocomercio.com.br\/geral\/wp-json\/wp\/v2\/posts"}],"about":[{"href":"https:\/\/diariodocomercio.com.br\/geral\/wp-json\/wp\/v2\/types\/post"}],"author":[{"embeddable":true,"href":"https:\/\/diariodocomercio.com.br\/geral\/wp-json\/wp\/v2\/users\/4"}],"replies":[{"embeddable":true,"href":"https:\/\/diariodocomercio.com.br\/geral\/wp-json\/wp\/v2\/comments?post=5036"}],"version-history":[{"count":4,"href":"https:\/\/diariodocomercio.com.br\/geral\/wp-json\/wp\/v2\/posts\/5036\/revisions"}],"predecessor-version":[{"id":5041,"href":"https:\/\/diariodocomercio.com.br\/geral\/wp-json\/wp\/v2\/posts\/5036\/revisions\/5041"}],"wp:featuredmedia":[{"embeddable":true,"href":"https:\/\/diariodocomercio.com.br\/geral\/wp-json\/wp\/v2\/media\/5042"}],"wp:attachment":[{"href":"https:\/\/diariodocomercio.com.br\/geral\/wp-json\/wp\/v2\/media?parent=5036"}],"wp:term":[{"taxonomy":"category","embeddable":true,"href":"https:\/\/diariodocomercio.com.br\/geral\/wp-json\/wp\/v2\/categories?post=5036"},{"taxonomy":"post_tag","embeddable":true,"href":"https:\/\/diariodocomercio.com.br\/geral\/wp-json\/wp\/v2\/tags?post=5036"}],"curies":[{"name":"wp","href":"https:\/\/api.w.org\/{rel}","templated":true}]}}