{"id":5045,"date":"2026-07-23T18:31:04","date_gmt":"2026-07-23T21:31:04","guid":{"rendered":"https:\/\/diariodocomercio.com.br\/geral\/?p=5045"},"modified":"2026-07-23T18:31:05","modified_gmt":"2026-07-23T21:31:05","slug":"obras-na-br-040-12-cidades-de-mg-terao-mudancas-no-transito-ate-domingo-26","status":"publish","type":"post","link":"https:\/\/diariodocomercio.com.br\/geral\/obras-na-br-040-12-cidades-de-mg-terao-mudancas-no-transito-ate-domingo-26\/","title":{"rendered":"Obras na BR-040: rodovia ter\u00e1 interven\u00e7\u00f5es em 12 cidades de MG nesta semana"},"content":{"rendered":"\n<p class=\"wp-block-paragraph\">Motoristas que v\u00e3o utilizar a rodovia entre Belo Horizonte e Juiz de Fora devem redobrar a aten\u00e7\u00e3o nos pr\u00f3ximos dias. As obras na BR-040 ser\u00e3o realizadas em 12 munic\u00edpios mineiros, com interven\u00e7\u00f5es que incluem recupera\u00e7\u00e3o do pavimento, conserva\u00e7\u00e3o da rodovia e manuten\u00e7\u00e3o da infraestrutura. As atividades podem provocar interdi\u00e7\u00f5es parciais de faixas e opera\u00e7\u00f5es de pare e siga em alguns trechos.<\/p>\n\n\n\n<p class=\"wp-block-paragraph\">Os servi\u00e7os ser\u00e3o executados pela concession\u00e1ria <a href=\"https:\/\/eprviamineira.com.br\/\" target=\"_blank\" rel=\"noopener\">EPR Via Mineira<\/a> at\u00e9 domingo (26) e fazem parte do cronograma de manuten\u00e7\u00e3o da rodovia, seguindo as diretrizes t\u00e9cnicas estabelecidas pela Ag\u00eancia Nacional de Transportes Terrestres (ANTT).<\/p>\n\n\n\n<h2 class=\"wp-block-heading\"><strong>Quais cidades ter\u00e3o obras na BR-040<\/strong><\/h2>\n\n\n\n<p class=\"wp-block-paragraph\">Ao longo dos 232 quil\u00f4metros administrados pela concession\u00e1ria, as equipes atuar\u00e3o nos seguintes munic\u00edpios:<\/p>\n\n\n\n<ul class=\"wp-block-list\">\n<li>Barbacena;<\/li>\n\n\n\n<li>Belo Horizonte;<\/li>\n\n\n\n<li>Caranda\u00ed;<\/li>\n\n\n\n<li>Congonhas;<\/li>\n\n\n\n<li>Conselheiro Lafaiete;<\/li>\n\n\n\n<li>Cristiano Otoni;<\/li>\n\n\n\n<li>Ewbank da C\u00e2mara;<\/li>\n\n\n\n<li>Itabirito;<\/li>\n\n\n\n<li>Nova Lima;<\/li>\n\n\n\n<li>Ouro Preto;<\/li>\n\n\n\n<li>Ressaquinha;<\/li>\n\n\n\n<li>Santos Dumont.<\/li>\n<\/ul>\n\n\n\n<p class=\"wp-block-paragraph\">Segundo a EPR Via Mineira, as obras na BR-040 t\u00eam como objetivo melhorar as condi\u00e7\u00f5es de trafegabilidade, aumentar a seguran\u00e7a vi\u00e1ria e preservar a qualidade do pavimento ao longo do trecho concedido.<\/p>\n\n\n\n<h2 class=\"wp-block-heading\"><strong>Quais trechos ser\u00e3o afetados<\/strong><\/h2>\n\n\n\n<p class=\"wp-block-paragraph\">Entre as principais obras na BR-040, est\u00e3o os servi\u00e7os de recupera\u00e7\u00e3o do asfalto na regi\u00e3o da Lagoa dos Ingleses, em Nova Lima, entre os quil\u00f4metros 565 e 567. Tamb\u00e9m ser\u00e1 realizada a instala\u00e7\u00e3o de tachas refletivas entre os quil\u00f4metros 544 e 569, al\u00e9m de interven\u00e7\u00f5es no Viaduto do Mutuca, entre os quil\u00f4metros 545 e 546, onde haver\u00e1 restri\u00e7\u00e3o parcial de uma faixa em dias espec\u00edficos.<\/p>\n\n\n\n<p class=\"wp-block-paragraph\">Em Caranda\u00ed, os trabalhos ocorrer\u00e3o entre os quil\u00f4metros 660 e 664. J\u00e1 em Congonhas, as equipes atuar\u00e3o entre os quil\u00f4metros 617 e 620, e tamb\u00e9m haver\u00e1 uma opera\u00e7\u00e3o de pare e siga entre os quil\u00f4metros 612 e 615 durante parte da programa\u00e7\u00e3o.<\/p>\n\n\n\n<p class=\"wp-block-paragraph\">No s\u00e1bado, as obras chegam a Conselheiro Lafaiete, entre os quil\u00f4metros 631 e 634, com interdi\u00e7\u00e3o parcial da pista no sentido Juiz de Fora.<\/p>\n\n\n\n<p class=\"wp-block-paragraph\">Al\u00e9m da recupera\u00e7\u00e3o do pavimento, as equipes realizar\u00e3o servi\u00e7os de conserva\u00e7\u00e3o da faixa de dom\u00ednio e manuten\u00e7\u00e3o de estruturas da rodovia em diferentes pontos dos munic\u00edpios mencionados.<\/p>\n\n\n\n<h2 class=\"wp-block-heading\"><strong>Como ser\u00e1 a opera\u00e7\u00e3o durante as obras<\/strong><\/h2>\n\n\n\n<p class=\"wp-block-paragraph\">Grande parte das interven\u00e7\u00f5es ser\u00e1 realizada no per\u00edodo noturno, entre 20h e 5h, especialmente na Regi\u00e3o Metropolitana de BH, para reduzir o impacto no tr\u00e1fego. No entanto, tamb\u00e9m haver\u00e1 frentes de trabalho durante o dia, das 7h \u00e0s 17h, em diversos trechos da rodovia.<\/p>\n\n\n\n<p class=\"wp-block-paragraph\">A concession\u00e1ria ressalta que o cronograma poder\u00e1 ser alterado em caso de chuva ou por necessidade operacional.<\/p>\n\n\n\n<p class=\"wp-block-paragraph\">Durante a execu\u00e7\u00e3o das obras na BR-040, a recomenda\u00e7\u00e3o \u00e9 que os motoristas reduzam a velocidade ao se aproximarem dos trechos sinalizados, respeitem as orienta\u00e7\u00f5es das equipes de opera\u00e7\u00e3o e mantenham dist\u00e2ncia segura dos demais ve\u00edculos.<\/p>\n","protected":false},"excerpt":{"rendered":"<p>Motoristas que v\u00e3o utilizar a rodovia entre Belo Horizonte e Juiz de Fora devem redobrar a aten\u00e7\u00e3o nos pr\u00f3ximos dias. As obras na BR-040 ser\u00e3o realizadas em 12 munic\u00edpios mineiros, com interven\u00e7\u00f5es que incluem recupera\u00e7\u00e3o do pavimento, conserva\u00e7\u00e3o da rodovia e manuten\u00e7\u00e3o da infraestrutura. As atividades podem provocar interdi\u00e7\u00f5es parciais de faixas e opera\u00e7\u00f5es de [&hellip;]<\/p>\n","protected":false},"author":3,"featured_media":5046,"comment_status":"closed","ping_status":"open","sticky":false,"template":"","format":"standard","meta":{"_acf_changed":false,"footnotes":""},"categories":[1],"tags":[],"class_list":["post-5045","post","type-post","status-publish","format-standard","has-post-thumbnail","hentry","category-geral"],"acf":{"subtitulo":"As obras incluem recupera\u00e7\u00e3o do pavimento, manuten\u00e7\u00e3o da rodovia e opera\u00e7\u00f5es de pare e siga ","oculta_home":false,"leitura_rapida":""},"_links":{"self":[{"href":"https:\/\/diariodocomercio.com.br\/geral\/wp-json\/wp\/v2\/posts\/5045","targetHints":{"allow":["GET"]}}],"collection":[{"href":"https:\/\/diariodocomercio.com.br\/geral\/wp-json\/wp\/v2\/posts"}],"about":[{"href":"https:\/\/diariodocomercio.com.br\/geral\/wp-json\/wp\/v2\/types\/post"}],"author":[{"embeddable":true,"href":"https:\/\/diariodocomercio.com.br\/geral\/wp-json\/wp\/v2\/users\/3"}],"replies":[{"embeddable":true,"href":"https:\/\/diariodocomercio.com.br\/geral\/wp-json\/wp\/v2\/comments?post=5045"}],"version-history":[{"count":1,"href":"https:\/\/diariodocomercio.com.br\/geral\/wp-json\/wp\/v2\/posts\/5045\/revisions"}],"predecessor-version":[{"id":5047,"href":"https:\/\/diariodocomercio.com.br\/geral\/wp-json\/wp\/v2\/posts\/5045\/revisions\/5047"}],"wp:featuredmedia":[{"embeddable":true,"href":"https:\/\/diariodocomercio.com.br\/geral\/wp-json\/wp\/v2\/media\/5046"}],"wp:attachment":[{"href":"https:\/\/diariodocomercio.com.br\/geral\/wp-json\/wp\/v2\/media?parent=5045"}],"wp:term":[{"taxonomy":"category","embeddable":true,"href":"https:\/\/diariodocomercio.com.br\/geral\/wp-json\/wp\/v2\/categories?post=5045"},{"taxonomy":"post_tag","embeddable":true,"href":"https:\/\/diariodocomercio.com.br\/geral\/wp-json\/wp\/v2\/tags?post=5045"}],"curies":[{"name":"wp","href":"https:\/\/api.w.org\/{rel}","templated":true}]}}