{"id":5048,"date":"2026-07-23T19:09:09","date_gmt":"2026-07-23T22:09:09","guid":{"rendered":"https:\/\/diariodocomercio.com.br\/geral\/?p=5048"},"modified":"2026-07-23T19:09:10","modified_gmt":"2026-07-23T22:09:10","slug":"bronquiolite-em-recem-nascidos-bh-registra-queda-nas-internacoes","status":"publish","type":"post","link":"https:\/\/diariodocomercio.com.br\/geral\/bronquiolite-em-recem-nascidos-bh-registra-queda-nas-internacoes\/","title":{"rendered":"BH registra queda de interna\u00e7\u00f5es de beb\u00eas por bronquiolite; entenda como m\u00e3es podem prevenir a condi\u00e7\u00e3o"},"content":{"rendered":"\n<p class=\"wp-block-paragraph\">Na capital mineira, as interna\u00e7\u00f5es de crian\u00e7as por bronquiolite ca\u00edram 57% no comparativo entre os primeiros cinco meses de 2025 e o mesmo per\u00edodo de 2026, segundo a <a href=\"https:\/\/prefeitura.pbh.gov.br\/\" target=\"_blank\" rel=\"noopener\">Prefeitura de Belo Horizonte (PBH)<\/a>. Entre janeiro e maio do ano passado, a capital registrou 1.428 hospitaliza\u00e7\u00f5es pela doen\u00e7a. Nos primeiros cinco meses deste ano, o n\u00famero caiu para 613. Segundo a PBH, esse resultado \u00e9 reflexo direto da vacina\u00e7\u00e3o de gestantes contra o V\u00edrus Sincicial Respirat\u00f3rio (VSR), oferecida gratuitamente pela prefeitura desde dezembro de 2025.\u00a0<br><\/p>\n\n\n\n<h2 class=\"wp-block-heading\"><strong>Como funciona a vacina para prevenir a bronquiolite em rec\u00e9m-nascidos<\/strong><\/h2>\n\n\n\n<p class=\"wp-block-paragraph\">A bronquiolite \u00e9 uma das principais causas de hospitaliza\u00e7\u00e3o nos primeiros meses de vida, e a prote\u00e7\u00e3o oferecida durante a gravidez j\u00e1 demonstra impacto direto na sa\u00fade dos rec\u00e9m-nascidos.A vacina \u00e9 recomendada para gestantes a partir da 28\u00aa semana de gesta\u00e7\u00e3o, sem restri\u00e7\u00e3o de idade.&nbsp;<\/p>\n\n\n\n<p class=\"wp-block-paragraph\">Ao receber a dose, a m\u00e3e produz anticorpos que s\u00e3o transferidos ao beb\u00ea pela placenta, garantindo prote\u00e7\u00e3o no per\u00edodo em que as complica\u00e7\u00f5es pelo VSR s\u00e3o mais frequentes.&nbsp;<\/p>\n\n\n\n<p class=\"wp-block-paragraph\">&#8220;Ao vacinar a gestante, protegemos o beb\u00ea justamente no per\u00edodo em que ele \u00e9 mais vulner\u00e1vel, reduzindo o risco de bronquiolite e, consequentemente, de interna\u00e7\u00f5es por esta causa. \u00c9 uma estrat\u00e9gia que salva vidas e refor\u00e7a o nosso compromisso com uma sa\u00fade preventiva e cada vez mais resolutiva\u201d, destaca o secret\u00e1rio municipal de Sa\u00fade, Miguel Duarte.<\/p>\n\n\n\n<p class=\"wp-block-paragraph\">A aplica\u00e7\u00e3o \u00e9 feita em dose \u00fanica, com recomenda\u00e7\u00e3o de renova\u00e7\u00e3o a cada nova gesta\u00e7\u00e3o. Desde o in\u00edcio da campanha, cerca de 15 mil gestantes j\u00e1 foram imunizadas na capital, segundo a prefeitura.<\/p>\n\n\n\n<p class=\"wp-block-paragraph\">Para receber a dose, a gestante deve procurar um dos centros de sa\u00fade da capital ou o Servi\u00e7o de Aten\u00e7\u00e3o \u00e0 Sa\u00fade do Viajante, apresentando documento que comprove a idade gestacional (como cart\u00e3o da gestante, resultado de pr\u00e9-natal, exames ou relat\u00f3rio m\u00e9dico), documento de identifica\u00e7\u00e3o com foto e, se poss\u00edvel, a caderneta de vacina\u00e7\u00e3o.<\/p>\n","protected":false},"excerpt":{"rendered":"<p>Na capital mineira, as interna\u00e7\u00f5es de crian\u00e7as por bronquiolite ca\u00edram 57% no comparativo entre os primeiros cinco meses de 2025 e o mesmo per\u00edodo de 2026, segundo a Prefeitura de Belo Horizonte (PBH). Entre janeiro e maio do ano passado, a capital registrou 1.428 hospitaliza\u00e7\u00f5es pela doen\u00e7a. Nos primeiros cinco meses deste ano, o n\u00famero [&hellip;]<\/p>\n","protected":false},"author":3,"featured_media":5049,"comment_status":"closed","ping_status":"open","sticky":false,"template":"","format":"standard","meta":{"_acf_changed":false,"footnotes":""},"categories":[1],"tags":[],"class_list":["post-5048","post","type-post","status-publish","format-standard","has-post-thumbnail","hentry","category-geral"],"acf":{"subtitulo":"Prefeitura atribui resultado \u00e0 vacina\u00e7\u00e3o de gestantes contra o VSR, oferecida gratuitamente desde dezembro","oculta_home":false,"leitura_rapida":""},"_links":{"self":[{"href":"https:\/\/diariodocomercio.com.br\/geral\/wp-json\/wp\/v2\/posts\/5048","targetHints":{"allow":["GET"]}}],"collection":[{"href":"https:\/\/diariodocomercio.com.br\/geral\/wp-json\/wp\/v2\/posts"}],"about":[{"href":"https:\/\/diariodocomercio.com.br\/geral\/wp-json\/wp\/v2\/types\/post"}],"author":[{"embeddable":true,"href":"https:\/\/diariodocomercio.com.br\/geral\/wp-json\/wp\/v2\/users\/3"}],"replies":[{"embeddable":true,"href":"https:\/\/diariodocomercio.com.br\/geral\/wp-json\/wp\/v2\/comments?post=5048"}],"version-history":[{"count":1,"href":"https:\/\/diariodocomercio.com.br\/geral\/wp-json\/wp\/v2\/posts\/5048\/revisions"}],"predecessor-version":[{"id":5050,"href":"https:\/\/diariodocomercio.com.br\/geral\/wp-json\/wp\/v2\/posts\/5048\/revisions\/5050"}],"wp:featuredmedia":[{"embeddable":true,"href":"https:\/\/diariodocomercio.com.br\/geral\/wp-json\/wp\/v2\/media\/5049"}],"wp:attachment":[{"href":"https:\/\/diariodocomercio.com.br\/geral\/wp-json\/wp\/v2\/media?parent=5048"}],"wp:term":[{"taxonomy":"category","embeddable":true,"href":"https:\/\/diariodocomercio.com.br\/geral\/wp-json\/wp\/v2\/categories?post=5048"},{"taxonomy":"post_tag","embeddable":true,"href":"https:\/\/diariodocomercio.com.br\/geral\/wp-json\/wp\/v2\/tags?post=5048"}],"curies":[{"name":"wp","href":"https:\/\/api.w.org\/{rel}","templated":true}]}}