{"id":5058,"date":"2026-07-24T09:36:21","date_gmt":"2026-07-24T12:36:21","guid":{"rendered":"https:\/\/diariodocomercio.com.br\/geral\/?p=5058"},"modified":"2026-07-24T09:36:22","modified_gmt":"2026-07-24T12:36:22","slug":"restituicao-do-imposto-de-renda-2026-3","status":"publish","type":"post","link":"https:\/\/diariodocomercio.com.br\/geral\/restituicao-do-imposto-de-renda-2026-3\/","title":{"rendered":"Receita libera consulta ao 3\u00ba e \u00faltimo lote do IR 2026"},"content":{"rendered":"\n<p class=\"wp-block-paragraph\">A Receita Federal liberou nesta sexta (24\/7) a consulta ao 3\u00ba lote de restitui\u00e7\u00e3o do Imposto de Renda 2026. S\u00e3o 2,7 milh\u00f5es de contribuintes com direito a receber R$ 4,61 bilh\u00f5es, com pagamento previsto para 31 de julho.<\/p>\n\n\n\n<p class=\"wp-block-paragraph\">O lote marca uma virada no calend\u00e1rio de pagamentos. Pela primeira vez neste ano, contribuintes sem prioridade legal entram na fila, j\u00e1 que os dois primeiros lotes atenderam apenas quem tinha direito a tratamento preferencial por lei ou optou pela declara\u00e7\u00e3o pr\u00e9-preenchida com Pix.<\/p>\n\n\n\n<h2 class=\"wp-block-heading\"><strong>Como est\u00e1 distribu\u00edda a restitui\u00e7\u00e3o do Imposto de Renda 2026 neste lote<\/strong><\/h2>\n\n\n\n<p class=\"wp-block-paragraph\">O maior grupo \u00e9 o de contribuintes sem prioridade, com cerca de 1,4 milh\u00e3o de pessoas. Na sequ\u00eancia, 839 mil utilizaram a declara\u00e7\u00e3o pr\u00e9-preenchida ou escolheram o Pix. Outros 309 mil combinaram os dois recursos. Completam o lote cerca de 198 mil com prioridade legal, categoria que abrange idosos a partir de 60 anos, pessoas com defici\u00eancia ou doen\u00e7a grave e profissionais do magist\u00e9rio.<\/p>\n\n\n\n<h2 class=\"wp-block-heading\"><strong>3\u00ba lote encerra as restitui\u00e7\u00f5es regulares do IR 2026<\/strong><\/h2>\n\n\n\n<p class=\"wp-block-paragraph\">Este \u00e9 o \u00faltimo lote regular do ano. O Fisco operou com quatro lotes em 2026, um a menos do que o padr\u00e3o anterior, com pagamentos distribu\u00eddos entre maio e agosto. Os dois primeiros lotes j\u00e1 haviam concentrado 80% do total previsto.<\/p>\n\n\n\n<p class=\"wp-block-paragraph\">A verifica\u00e7\u00e3o \u00e9 feita pelo site ou aplicativo da <a href=\"https:\/\/www.gov.br\/receitafederal\/pt-br\" target=\"_blank\" rel=\"noopener\">Receita Federal<\/a>, na se\u00e7\u00e3o &#8220;Meu Imposto de Renda&#8221;, onde o campo &#8220;Consultar a Restitui\u00e7\u00e3o&#8221; indica se o CPF consta no pagamento. Ap\u00f3s o encerramento, permanecem pendentes apenas casos em malha fiscal ou com falhas nos dados banc\u00e1rios.<\/p>\n","protected":false},"excerpt":{"rendered":"<p>A Receita Federal liberou nesta sexta (24\/7) a consulta ao 3\u00ba lote de restitui\u00e7\u00e3o do Imposto de Renda 2026. S\u00e3o 2,7 milh\u00f5es de contribuintes com direito a receber R$ 4,61 bilh\u00f5es, com pagamento previsto para 31 de julho. O lote marca uma virada no calend\u00e1rio de pagamentos. Pela primeira vez neste ano, contribuintes sem prioridade [&hellip;]<\/p>\n","protected":false},"author":4,"featured_media":5061,"comment_status":"closed","ping_status":"open","sticky":false,"template":"","format":"standard","meta":{"_acf_changed":false,"footnotes":""},"categories":[9],"tags":[],"class_list":["post-5058","post","type-post","status-publish","format-standard","has-post-thumbnail","hentry","category-economia"],"acf":{"subtitulo":"Pagamento de R$ 4,61 bilh\u00f5es est\u00e1 agendado para 31 de julho e atende 2,7 milh\u00f5es de contribuintes, incluindo quem declarou sem prioridade legal","oculta_home":false,"leitura_rapida":""},"_links":{"self":[{"href":"https:\/\/diariodocomercio.com.br\/geral\/wp-json\/wp\/v2\/posts\/5058","targetHints":{"allow":["GET"]}}],"collection":[{"href":"https:\/\/diariodocomercio.com.br\/geral\/wp-json\/wp\/v2\/posts"}],"about":[{"href":"https:\/\/diariodocomercio.com.br\/geral\/wp-json\/wp\/v2\/types\/post"}],"author":[{"embeddable":true,"href":"https:\/\/diariodocomercio.com.br\/geral\/wp-json\/wp\/v2\/users\/4"}],"replies":[{"embeddable":true,"href":"https:\/\/diariodocomercio.com.br\/geral\/wp-json\/wp\/v2\/comments?post=5058"}],"version-history":[{"count":2,"href":"https:\/\/diariodocomercio.com.br\/geral\/wp-json\/wp\/v2\/posts\/5058\/revisions"}],"predecessor-version":[{"id":5060,"href":"https:\/\/diariodocomercio.com.br\/geral\/wp-json\/wp\/v2\/posts\/5058\/revisions\/5060"}],"wp:featuredmedia":[{"embeddable":true,"href":"https:\/\/diariodocomercio.com.br\/geral\/wp-json\/wp\/v2\/media\/5061"}],"wp:attachment":[{"href":"https:\/\/diariodocomercio.com.br\/geral\/wp-json\/wp\/v2\/media?parent=5058"}],"wp:term":[{"taxonomy":"category","embeddable":true,"href":"https:\/\/diariodocomercio.com.br\/geral\/wp-json\/wp\/v2\/categories?post=5058"},{"taxonomy":"post_tag","embeddable":true,"href":"https:\/\/diariodocomercio.com.br\/geral\/wp-json\/wp\/v2\/tags?post=5058"}],"curies":[{"name":"wp","href":"https:\/\/api.w.org\/{rel}","templated":true}]}}