{"id":5077,"date":"2026-07-24T12:05:10","date_gmt":"2026-07-24T15:05:10","guid":{"rendered":"https:\/\/diariodocomercio.com.br\/geral\/?p=5077"},"modified":"2026-07-24T12:05:11","modified_gmt":"2026-07-24T15:05:11","slug":"subsidio-da-gasolina-e-prorrogado","status":"publish","type":"post","link":"https:\/\/diariodocomercio.com.br\/geral\/subsidio-da-gasolina-e-prorrogado\/","title":{"rendered":"Governo mant\u00e9m subs\u00eddio da gasolina ap\u00f3s virada no Oriente M\u00e9dio"},"content":{"rendered":"\n<p class=\"wp-block-paragraph\">A guerra no Oriente M\u00e9dio levou o governo federal a manter o subs\u00eddio da gasolina por mais um m\u00eas. A portaria que formaliza a prorroga\u00e7\u00e3o de R$ 0,44 por litro foi assinada nesta quinta-feira (23\/7) pelo ministro Dario Durigan, da Fazenda, com validade a partir de domingo (26).<\/p>\n\n\n\n<p class=\"wp-block-paragraph\">O benef\u00edcio, que deveria expirar no s\u00e1bado (25), era aplicado desde o fim de maio. A manuten\u00e7\u00e3o foi decidida diante da nova alta do petr\u00f3leo no mercado externo, que nesta semana voltou a superar US$ 100 por barril.<\/p>\n\n\n\n<h2 class=\"wp-block-heading\"><strong>Guerra no Oriente M\u00e9dio derrubou perspectiva de encerramento do subs\u00eddio da gasolina<\/strong><\/h2>\n\n\n\n<p class=\"wp-block-paragraph\">A nova escalada do conflito mudou o cen\u00e1rio que apontava para o fim do subs\u00eddio. Em junho, uma aproxima\u00e7\u00e3o entre Washington e Teer\u00e3 havia derrubado temporariamente os pre\u00e7os do petr\u00f3leo, e a equipe econ\u00f4mica chegou a estudar <a href=\"https:\/\/diariodocomercio.com.br\/geral\/governo-fim-do-subsidio-da-gasolina\/\">o fim da subven\u00e7\u00e3o<\/a>.<\/p>\n\n\n\n<p class=\"wp-block-paragraph\">O quadro mudou quando Donald Trump anunciou publicamente o fracasso das tratativas com o Ir\u00e3 e descartou qualquer retomada dos di\u00e1logos. Ofensivas contra embarca\u00e7\u00f5es no Mar Vermelho tamb\u00e9m intensificaram o risco sobre o abastecimento global da commodity.<\/p>\n\n\n\n<h2 class=\"wp-block-heading\"><strong>Como o subs\u00eddio da gasolina conteve a alta nos postos<\/strong><\/h2>\n\n\n\n<p class=\"wp-block-paragraph\">A Petrobras reajustou a gasolina A em R$ 0,48 por litro nas vendas \u00e0s distribuidoras logo ap\u00f3s a cria\u00e7\u00e3o do benef\u00edcio. Com a subven\u00e7\u00e3o em vigor, apenas cerca de R$ 0,04 por litro desse aumento chegou efetivamente aos postos.<\/p>\n\n\n\n<h2 class=\"wp-block-heading\"><strong>Diesel segue com cobertura garantida<\/strong><\/h2>\n\n\n\n<p class=\"wp-block-paragraph\">O <a href=\"https:\/\/www.gov.br\/fazenda\" target=\"_blank\" rel=\"noopener\">Minist\u00e9rio da Fazenda<\/a> tamb\u00e9m mant\u00e9m ativa a subven\u00e7\u00e3o ao diesel, de R$ 1,12 por litro. Em 16 de julho, o Congresso aprovou a extens\u00e3o da Medida Provis\u00f3ria 1.363 por mais 60 dias.<\/p>\n\n\n\n<p class=\"wp-block-paragraph\">Uma subven\u00e7\u00e3o adicional ao diesel, de R$ 0,35 por litro, foi retirada em 1\u00ba de julho, ap\u00f3s dois meses de aplica\u00e7\u00e3o, quando a cota\u00e7\u00e3o do barril girava em torno de US$ 70.<\/p>\n","protected":false},"excerpt":{"rendered":"<p>A guerra no Oriente M\u00e9dio levou o governo federal a manter o subs\u00eddio da gasolina por mais um m\u00eas. A portaria que formaliza a prorroga\u00e7\u00e3o de R$ 0,44 por litro foi assinada nesta quinta-feira (23\/7) pelo ministro Dario Durigan, da Fazenda, com validade a partir de domingo (26). O benef\u00edcio, que deveria expirar no s\u00e1bado [&hellip;]<\/p>\n","protected":false},"author":4,"featured_media":5080,"comment_status":"closed","ping_status":"open","sticky":false,"template":"","format":"standard","meta":{"_acf_changed":false,"footnotes":""},"categories":[9],"tags":[],"class_list":["post-5077","post","type-post","status-publish","format-standard","has-post-thumbnail","hentry","category-economia"],"acf":{"subtitulo":"Portaria assinada por Dario Durigan prorroga subs\u00eddio da gasolina at\u00e9 25 de agosto com valor de R$ 0,44 por litro mantido","oculta_home":false,"leitura_rapida":""},"_links":{"self":[{"href":"https:\/\/diariodocomercio.com.br\/geral\/wp-json\/wp\/v2\/posts\/5077","targetHints":{"allow":["GET"]}}],"collection":[{"href":"https:\/\/diariodocomercio.com.br\/geral\/wp-json\/wp\/v2\/posts"}],"about":[{"href":"https:\/\/diariodocomercio.com.br\/geral\/wp-json\/wp\/v2\/types\/post"}],"author":[{"embeddable":true,"href":"https:\/\/diariodocomercio.com.br\/geral\/wp-json\/wp\/v2\/users\/4"}],"replies":[{"embeddable":true,"href":"https:\/\/diariodocomercio.com.br\/geral\/wp-json\/wp\/v2\/comments?post=5077"}],"version-history":[{"count":3,"href":"https:\/\/diariodocomercio.com.br\/geral\/wp-json\/wp\/v2\/posts\/5077\/revisions"}],"predecessor-version":[{"id":5081,"href":"https:\/\/diariodocomercio.com.br\/geral\/wp-json\/wp\/v2\/posts\/5077\/revisions\/5081"}],"wp:featuredmedia":[{"embeddable":true,"href":"https:\/\/diariodocomercio.com.br\/geral\/wp-json\/wp\/v2\/media\/5080"}],"wp:attachment":[{"href":"https:\/\/diariodocomercio.com.br\/geral\/wp-json\/wp\/v2\/media?parent=5077"}],"wp:term":[{"taxonomy":"category","embeddable":true,"href":"https:\/\/diariodocomercio.com.br\/geral\/wp-json\/wp\/v2\/categories?post=5077"},{"taxonomy":"post_tag","embeddable":true,"href":"https:\/\/diariodocomercio.com.br\/geral\/wp-json\/wp\/v2\/tags?post=5077"}],"curies":[{"name":"wp","href":"https:\/\/api.w.org\/{rel}","templated":true}]}}