{"id":5096,"date":"2026-07-24T15:51:11","date_gmt":"2026-07-24T18:51:11","guid":{"rendered":"https:\/\/diariodocomercio.com.br\/geral\/?p=5096"},"modified":"2026-07-24T15:51:12","modified_gmt":"2026-07-24T18:51:12","slug":"novos-pedagios-na-br-116-e-br-251-para-quem-viaja-entre-o-vale-do-mucuri-e-bh","status":"publish","type":"post","link":"https:\/\/diariodocomercio.com.br\/geral\/novos-pedagios-na-br-116-e-br-251-para-quem-viaja-entre-o-vale-do-mucuri-e-bh\/","title":{"rendered":"Tr\u00eas novos ped\u00e1gios para quem viaja a BH pelo Vale do Mucuri; cobran\u00e7a come\u00e7a em dezembro"},"content":{"rendered":"\n<p class=\"wp-block-paragraph\">Os motoristas do Vale do Mucuri que utilizam a BR-116 para viajar a Belo Horizonte passar\u00e3o a enfrentar novos ped\u00e1gios a partir de dezembro. Com a concess\u00e3o das BRs 116 e 251 \u00e0 Ecovias das Gerais \u2014 que administrar\u00e1 734,9 Km das rodovias, atravessando 26 munic\u00edpios \u2014 , ser\u00e3o implantadas nove pra\u00e7as de ped\u00e1gio.\u00a0\u00a0<\/p>\n\n\n\n<p class=\"wp-block-paragraph\">Para quem sai do Vale do Mucuri em dire\u00e7\u00e3o \u00e0 capital mineira, haver\u00e1 tr\u00eas cobran\u00e7as no percurso, localizadas em Catuji, Itambacuri e Governador Valadares. J\u00e1 quem parte de Nanuque enfrentar\u00e1 sete ped\u00e1gios no total, sendo dois na BR-116 e cinco na BR-381.<\/p>\n\n\n\n<h2 class=\"wp-block-heading\"><strong>Onde ser\u00e3o os novos ped\u00e1gios e como ser\u00e1 a cobran\u00e7a<\/strong><\/h2>\n\n\n\n<p class=\"wp-block-paragraph\">Os novos ped\u00e1gios ser\u00e3o implementados nas seguintes cidades:<\/p>\n\n\n\n<p class=\"wp-block-paragraph\"><strong>BR-251:<\/strong> Santa Cruz de Salinas, Salinas, Gr\u00e3o Mogol e Francisco S\u00e1.<\/p>\n\n\n\n<p class=\"wp-block-paragraph\"><strong>BR-116:<\/strong> Governador Valadares, Itambacuri, Catuji, Itaobim e Medina.<\/p>\n\n\n\n<p class=\"wp-block-paragraph\">Os valores das novas pra\u00e7as<strong> <\/strong>ser\u00e3o cobrados exclusivamente pelo sistema eletr\u00f4nico <em>free flow<\/em>, previsto para entrar em opera\u00e7\u00e3o em dezembro. At\u00e9 l\u00e1, os usu\u00e1rios continuar\u00e3o trafegando sem qualquer pagamento de tarifa.<\/p>\n\n\n\n<p class=\"wp-block-paragraph\">No leil\u00e3o, a <a href=\"https:\/\/www.ecorodovias.com.br\/\" target=\"_blank\" rel=\"noopener\">EcoRodovias<\/a> apresentou proposta com desconto de 19% sobre a tarifa b\u00e1sica. O contrato tamb\u00e9m prev\u00ea redu\u00e7\u00e3o de 5% para ve\u00edculos com tag e descontos progressivos para ve\u00edculos leves que cruzarem o mesmo p\u00f3rtico m\u00faltiplas vezes no mesmo m\u00eas. Motocicletas ser\u00e3o isentas do pagamento.<\/p>\n\n\n\n<h2 class=\"wp-block-heading\"><strong>Plano de 100 dias e obras previstas<\/strong><\/h2>\n\n\n\n<p class=\"wp-block-paragraph\">Antes do in\u00edcio da cobran\u00e7a, a Ecovias das Gerais deu in\u00edcio ao Plano de 100 Dias, com interven\u00e7\u00f5es emergenciais voltadas \u00e0 redu\u00e7\u00e3o de acidentes em curvas e trechos de descida considerados cr\u00edticos, al\u00e9m de servi\u00e7os de ro\u00e7ada, limpeza, refor\u00e7o de pintura horizontal e substitui\u00e7\u00e3o de placas e tachas refletivas.<\/p>\n\n\n\n<p class=\"wp-block-paragraph\">Entre as principais obras previstas no contrato de concess\u00e3o est\u00e3o:<\/p>\n\n\n\n<ul class=\"wp-block-list\">\n<li>187 km de duplica\u00e7\u00f5es;\u00a0<\/li>\n\n\n\n<li>160 km de faixas adicionais;<\/li>\n\n\n\n<li>11 km de vias marginais;<\/li>\n\n\n\n<li>Contorno de Te\u00f3filo Otoni com 17 km de extens\u00e3o;<\/li>\n\n\n\n<li>21 passarelas;<\/li>\n\n\n\n<li>101 novas interse\u00e7\u00f5es;<\/li>\n\n\n\n<li>3 passagens de fauna para preserva\u00e7\u00e3o da biodiversidade.<\/li>\n<\/ul>\n\n\n\n<p class=\"wp-block-paragraph\">Al\u00e9m disso, os condutores passar\u00e3o a contar com servi\u00e7o de atendimento ao usu\u00e1rio 24 horas, com 14 ambul\u00e2ncias, 10 guinchos e 17 ve\u00edculos de inspe\u00e7\u00e3o de tr\u00e1fego, com previs\u00e3o de in\u00edcio em novembro. At\u00e9 l\u00e1, os atendimentos emergenciais permanecem com os \u00f3rg\u00e3os p\u00fablicos: PRF (191), SAMU (192) e Corpo de Bombeiros (193).<\/p>\n","protected":false},"excerpt":{"rendered":"<p>Os motoristas do Vale do Mucuri que utilizam a BR-116 para viajar a Belo Horizonte passar\u00e3o a enfrentar novos ped\u00e1gios a partir de dezembro. Com a concess\u00e3o das BRs 116 e 251 \u00e0 Ecovias das Gerais \u2014 que administrar\u00e1 734,9 Km das rodovias, atravessando 26 munic\u00edpios \u2014 , ser\u00e3o implantadas nove pra\u00e7as de ped\u00e1gio.\u00a0\u00a0 Para [&hellip;]<\/p>\n","protected":false},"author":3,"featured_media":5098,"comment_status":"closed","ping_status":"open","sticky":false,"template":"","format":"standard","meta":{"_acf_changed":false,"footnotes":""},"categories":[1],"tags":[],"class_list":["post-5096","post","type-post","status-publish","format-standard","has-post-thumbnail","hentry","category-geral"],"acf":{"subtitulo":"Concess\u00e3o da BR-116 e BR-251 \u00e0 Ecovias das Gerais prev\u00ea nove pra\u00e7as de ped\u00e1gio","oculta_home":false,"leitura_rapida":""},"_links":{"self":[{"href":"https:\/\/diariodocomercio.com.br\/geral\/wp-json\/wp\/v2\/posts\/5096","targetHints":{"allow":["GET"]}}],"collection":[{"href":"https:\/\/diariodocomercio.com.br\/geral\/wp-json\/wp\/v2\/posts"}],"about":[{"href":"https:\/\/diariodocomercio.com.br\/geral\/wp-json\/wp\/v2\/types\/post"}],"author":[{"embeddable":true,"href":"https:\/\/diariodocomercio.com.br\/geral\/wp-json\/wp\/v2\/users\/3"}],"replies":[{"embeddable":true,"href":"https:\/\/diariodocomercio.com.br\/geral\/wp-json\/wp\/v2\/comments?post=5096"}],"version-history":[{"count":1,"href":"https:\/\/diariodocomercio.com.br\/geral\/wp-json\/wp\/v2\/posts\/5096\/revisions"}],"predecessor-version":[{"id":5099,"href":"https:\/\/diariodocomercio.com.br\/geral\/wp-json\/wp\/v2\/posts\/5096\/revisions\/5099"}],"wp:featuredmedia":[{"embeddable":true,"href":"https:\/\/diariodocomercio.com.br\/geral\/wp-json\/wp\/v2\/media\/5098"}],"wp:attachment":[{"href":"https:\/\/diariodocomercio.com.br\/geral\/wp-json\/wp\/v2\/media?parent=5096"}],"wp:term":[{"taxonomy":"category","embeddable":true,"href":"https:\/\/diariodocomercio.com.br\/geral\/wp-json\/wp\/v2\/categories?post=5096"},{"taxonomy":"post_tag","embeddable":true,"href":"https:\/\/diariodocomercio.com.br\/geral\/wp-json\/wp\/v2\/tags?post=5096"}],"curies":[{"name":"wp","href":"https:\/\/api.w.org\/{rel}","templated":true}]}}