{"id":5137,"date":"2026-07-27T11:28:06","date_gmt":"2026-07-27T14:28:06","guid":{"rendered":"https:\/\/diariodocomercio.com.br\/geral\/?p=5137"},"modified":"2026-07-27T11:31:46","modified_gmt":"2026-07-27T14:31:46","slug":"posto-de-vacinacao-no-shopping-del-rey","status":"publish","type":"post","link":"https:\/\/diariodocomercio.com.br\/geral\/posto-de-vacinacao-no-shopping-del-rey\/","title":{"rendered":"BH vacina contra gripe e sarampo em shopping nesta semana"},"content":{"rendered":"\n<p class=\"wp-block-paragraph\">Quem ainda n\u00e3o tomou a vacina contra gripe ou sarampo pode se imunizar no Shopping Del Rey nesta semana. A Prefeitura de Belo Horizonte instalou um posto no 1\u00ba piso da unidade, na Avenida Presidente Carlos Luz, 3.001, bairro Cai\u00e7aras, regi\u00e3o Noroeste. O atendimento ocorre nesta segunda-feira (27\/7), quinta-feira (30) e sexta-feira (31), das 9h \u00e0s 16h.<\/p>\n\n\n\n<p class=\"wp-block-paragraph\">Duas vacinas estar\u00e3o dispon\u00edveis nos tr\u00eas dias. A vacina contra gripe age sobre os v\u00edrus H1N1, H3N2 e influenza B e pode ser administrada em qualquer pessoa com 6 meses de idade ou mais. A tr\u00edplice viral, que previne sarampo, caxumba e rub\u00e9ola, atende quem tem entre 1 e 59 anos. Os dois imunizantes integram o Programa Nacional de Imuniza\u00e7\u00f5es.<\/p>\n\n\n\n<p class=\"wp-block-paragraph\">A iniciativa faz parte de um conjunto de pontos extras abertos em locais de grande circula\u00e7\u00e3o durante o per\u00edodo de f\u00e9rias.&nbsp;<\/p>\n\n\n\n<h2 class=\"wp-block-heading\"><strong>O que levar ao posto de vacina\u00e7\u00e3o no Shopping Del Rey<\/strong><\/h2>\n\n\n\n<p class=\"wp-block-paragraph\">Documento com foto e cart\u00e3o de vacina\u00e7\u00e3o s\u00e3o os itens recomendados para o atendimento. Para crian\u00e7as, o respons\u00e1vel legal deve comparecer com documento pr\u00f3prio e a caderneta de vacina\u00e7\u00e3o do menor.&nbsp;<\/p>\n\n\n\n<p class=\"wp-block-paragraph\">O ponto no Del Rey \u00e9 tempor\u00e1rio. BH disp\u00f5e de 154 centros de sa\u00fade para vacina\u00e7\u00e3o regular, al\u00e9m de postos extras e do Servi\u00e7o de Aten\u00e7\u00e3o \u00e0 Sa\u00fade do Viajante. O <a href=\"https:\/\/prefeitura.pbh.gov.br\/\" target=\"_blank\" rel=\"noopener\">portal da Prefeitura de BH<\/a> re\u00fane a lista completa de unidades e os hor\u00e1rios de funcionamento.<\/p>\n","protected":false},"excerpt":{"rendered":"<p>Quem ainda n\u00e3o tomou a vacina contra gripe ou sarampo pode se imunizar no Shopping Del Rey nesta semana. A Prefeitura de Belo Horizonte instalou um posto no 1\u00ba piso da unidade, na Avenida Presidente Carlos Luz, 3.001, bairro Cai\u00e7aras, regi\u00e3o Noroeste. O atendimento ocorre nesta segunda-feira (27\/7), quinta-feira (30) e sexta-feira (31), das 9h [&hellip;]<\/p>\n","protected":false},"author":4,"featured_media":5139,"comment_status":"closed","ping_status":"open","sticky":false,"template":"","format":"standard","meta":{"_acf_changed":false,"footnotes":""},"categories":[11],"tags":[],"class_list":["post-5137","post","type-post","status-publish","format-standard","has-post-thumbnail","hentry","category-cidades"],"acf":{"subtitulo":"A\u00e7\u00e3o gratuita acontece em tr\u00eas dias desta semana e cobre gripe, sarampo, caxumba e rub\u00e9ola para todas as idades","oculta_home":false,"leitura_rapida":""},"_links":{"self":[{"href":"https:\/\/diariodocomercio.com.br\/geral\/wp-json\/wp\/v2\/posts\/5137","targetHints":{"allow":["GET"]}}],"collection":[{"href":"https:\/\/diariodocomercio.com.br\/geral\/wp-json\/wp\/v2\/posts"}],"about":[{"href":"https:\/\/diariodocomercio.com.br\/geral\/wp-json\/wp\/v2\/types\/post"}],"author":[{"embeddable":true,"href":"https:\/\/diariodocomercio.com.br\/geral\/wp-json\/wp\/v2\/users\/4"}],"replies":[{"embeddable":true,"href":"https:\/\/diariodocomercio.com.br\/geral\/wp-json\/wp\/v2\/comments?post=5137"}],"version-history":[{"count":2,"href":"https:\/\/diariodocomercio.com.br\/geral\/wp-json\/wp\/v2\/posts\/5137\/revisions"}],"predecessor-version":[{"id":5140,"href":"https:\/\/diariodocomercio.com.br\/geral\/wp-json\/wp\/v2\/posts\/5137\/revisions\/5140"}],"wp:featuredmedia":[{"embeddable":true,"href":"https:\/\/diariodocomercio.com.br\/geral\/wp-json\/wp\/v2\/media\/5139"}],"wp:attachment":[{"href":"https:\/\/diariodocomercio.com.br\/geral\/wp-json\/wp\/v2\/media?parent=5137"}],"wp:term":[{"taxonomy":"category","embeddable":true,"href":"https:\/\/diariodocomercio.com.br\/geral\/wp-json\/wp\/v2\/categories?post=5137"},{"taxonomy":"post_tag","embeddable":true,"href":"https:\/\/diariodocomercio.com.br\/geral\/wp-json\/wp\/v2\/tags?post=5137"}],"curies":[{"name":"wp","href":"https:\/\/api.w.org\/{rel}","templated":true}]}}