{"id":5141,"date":"2026-07-27T13:24:00","date_gmt":"2026-07-27T16:24:00","guid":{"rendered":"https:\/\/diariodocomercio.com.br\/geral\/?p=5141"},"modified":"2026-07-27T13:24:01","modified_gmt":"2026-07-27T16:24:01","slug":"bar-interditado-em-juiz-de-fora","status":"publish","type":"post","link":"https:\/\/diariodocomercio.com.br\/geral\/bar-interditado-em-juiz-de-fora\/","title":{"rendered":"Bar com 11 infra\u00e7\u00f5es \u00e9 fechado no Centro de Juiz de Fora"},"content":{"rendered":"\n<p class=\"wp-block-paragraph\">Um bar no Centro de Juiz de Fora foi interditado na \u00faltima quinta-feira, 23, depois de acumular 11 autos de infra\u00e7\u00e3o e mais de R$ 12 mil em multas. O estabelecimento, o Alambique, fica na esquina da Avenida Brasil com a Rua Benjamin Constant e foi fechado pela equipe de fiscaliza\u00e7\u00e3o da <a href=\"https:\/\/www.pjf.mg.gov.br\/\" target=\"_blank\" rel=\"noopener\">Prefeitura de Juiz de Fora<\/a>.<\/p>\n\n\n\n<p class=\"wp-block-paragraph\">A fiscaliza\u00e7\u00e3o da Secretaria de Desenvolvimento Urbano com Participa\u00e7\u00e3o Popular (Sedupp) registrou tr\u00eas tipos de infra\u00e7\u00e3o: ocupa\u00e7\u00e3o da via p\u00fablica com atividades do bar, perturba\u00e7\u00e3o do sossego e obstru\u00e7\u00e3o de cal\u00e7ada e rua.&nbsp;<\/p>\n\n\n\n<p class=\"wp-block-paragraph\">Segundo a secretaria, a circula\u00e7\u00e3o de pedestres e ve\u00edculos foi comprometida e moradores e comerciantes do entorno relataram transtornos recorrentes.<\/p>\n\n\n\n<h2 class=\"wp-block-heading\"><strong>Reincid\u00eancia nas infra\u00e7\u00f5es levou \u00e0 interdi\u00e7\u00e3o pela Sedupp<\/strong><\/h2>\n\n\n\n<p class=\"wp-block-paragraph\">Os 11 autos foram registrados ao longo de diferentes opera\u00e7\u00f5es de fiscaliza\u00e7\u00e3o. A interdi\u00e7\u00e3o foi determinada pela secretaria ap\u00f3s o descumprimento reiterado da legisla\u00e7\u00e3o municipal.<\/p>\n","protected":false},"excerpt":{"rendered":"<p>Um bar no Centro de Juiz de Fora foi interditado na \u00faltima quinta-feira, 23, depois de acumular 11 autos de infra\u00e7\u00e3o e mais de R$ 12 mil em multas. O estabelecimento, o Alambique, fica na esquina da Avenida Brasil com a Rua Benjamin Constant e foi fechado pela equipe de fiscaliza\u00e7\u00e3o da Prefeitura de Juiz [&hellip;]<\/p>\n","protected":false},"author":4,"featured_media":5148,"comment_status":"closed","ping_status":"open","sticky":false,"template":"","format":"standard","meta":{"_acf_changed":false,"footnotes":""},"categories":[11],"tags":[],"class_list":["post-5141","post","type-post","status-publish","format-standard","has-post-thumbnail","hentry","category-cidades"],"acf":{"subtitulo":"Estabelecimento acumulou autos por ocupa\u00e7\u00e3o de via, obstru\u00e7\u00e3o de cal\u00e7ada e perturba\u00e7\u00e3o do sossego at\u00e9 ser fechado pela Sedupp","oculta_home":false,"leitura_rapida":""},"_links":{"self":[{"href":"https:\/\/diariodocomercio.com.br\/geral\/wp-json\/wp\/v2\/posts\/5141","targetHints":{"allow":["GET"]}}],"collection":[{"href":"https:\/\/diariodocomercio.com.br\/geral\/wp-json\/wp\/v2\/posts"}],"about":[{"href":"https:\/\/diariodocomercio.com.br\/geral\/wp-json\/wp\/v2\/types\/post"}],"author":[{"embeddable":true,"href":"https:\/\/diariodocomercio.com.br\/geral\/wp-json\/wp\/v2\/users\/4"}],"replies":[{"embeddable":true,"href":"https:\/\/diariodocomercio.com.br\/geral\/wp-json\/wp\/v2\/comments?post=5141"}],"version-history":[{"count":3,"href":"https:\/\/diariodocomercio.com.br\/geral\/wp-json\/wp\/v2\/posts\/5141\/revisions"}],"predecessor-version":[{"id":5149,"href":"https:\/\/diariodocomercio.com.br\/geral\/wp-json\/wp\/v2\/posts\/5141\/revisions\/5149"}],"wp:featuredmedia":[{"embeddable":true,"href":"https:\/\/diariodocomercio.com.br\/geral\/wp-json\/wp\/v2\/media\/5148"}],"wp:attachment":[{"href":"https:\/\/diariodocomercio.com.br\/geral\/wp-json\/wp\/v2\/media?parent=5141"}],"wp:term":[{"taxonomy":"category","embeddable":true,"href":"https:\/\/diariodocomercio.com.br\/geral\/wp-json\/wp\/v2\/categories?post=5141"},{"taxonomy":"post_tag","embeddable":true,"href":"https:\/\/diariodocomercio.com.br\/geral\/wp-json\/wp\/v2\/tags?post=5141"}],"curies":[{"name":"wp","href":"https:\/\/api.w.org\/{rel}","templated":true}]}}