{"id":5150,"date":"2026-07-27T13:44:44","date_gmt":"2026-07-27T16:44:44","guid":{"rendered":"https:\/\/diariodocomercio.com.br\/geral\/?p=5150"},"modified":"2026-07-27T13:44:45","modified_gmt":"2026-07-27T16:44:45","slug":"programa-nova-lingua-abre-50-bolsas-para-intercambio-internacional","status":"publish","type":"post","link":"https:\/\/diariodocomercio.com.br\/geral\/programa-nova-lingua-abre-50-bolsas-para-intercambio-internacional\/","title":{"rendered":"Nova Lima levar\u00e1 50 estudantes para interc\u00e2mbio lingu\u00edstico na Europa: veja como se inscrever"},"content":{"rendered":"\n<p class=\"wp-block-paragraph\">O Programa Nova L\u00edngua \u2013 Interc\u00e2mbio Lingu\u00edstico Internacional 2026 est\u00e1 com inscri\u00e7\u00f5es abertas para estudantes de Nova Lima. A iniciativa, promovida pela <a href=\"https:\/\/novalima.mg.gov.br\/inicio\" target=\"_blank\" rel=\"noopener\">Prefeitura de Nova Lima<\/a> em parceria com a AFS Intercultural Brasil, vai conceder 50 bolsas integrais para uma experi\u00eancia de imers\u00e3o lingu\u00edstica, educacional e cultural no exterior. Os interessados podem se inscrever at\u00e9 31 de julho.<\/p>\n\n\n\n<p class=\"wp-block-paragraph\">Os participantes selecionados embarcar\u00e3o no fim de setembro de 2026 para um interc\u00e2mbio de 30 dias em dois dos principais destinos da Europa: Londres, no Reino Unido, e Madri, na Espanha. Ao todo, ser\u00e3o ofertadas 35 bolsas para estudantes de ingl\u00eas e 15 para estudantes de espanhol.<\/p>\n\n\n\n<h2 class=\"wp-block-heading\"><strong>Quem pode participar do interc\u00e2mbio do Programa Nova L\u00edngua<\/strong><\/h2>\n\n\n\n<p class=\"wp-block-paragraph\">As vagas s\u00e3o destinadas exclusivamente a estudantes que estejam matriculados ou tenham conclu\u00eddo o Programa Nova L\u00edngua h\u00e1, no m\u00e1ximo, um ano, no idioma correspondente \u00e0 bolsa desejada.<\/p>\n\n\n\n<p class=\"wp-block-paragraph\">Para participar, \u00e9 necess\u00e1rio atender aos seguintes requisitos:<\/p>\n\n\n\n<ul class=\"wp-block-list\">\n<li>Residir em Nova Lima;<\/li>\n\n\n\n<li>Estar matriculado ou ter conclu\u00eddo o Programa Nova L\u00edngua h\u00e1 at\u00e9 um ano;<\/li>\n\n\n\n<li>Ter entre 16 e 24 anos para as vagas de ingl\u00eas;<\/li>\n\n\n\n<li>Ter 16 anos ou mais para as vagas de espanhol, sem limite m\u00e1ximo de idade;<\/li>\n\n\n\n<li>Atender ao n\u00edvel de profici\u00eancia exigido para cada idioma.<\/li>\n<\/ul>\n\n\n\n<p class=\"wp-block-paragraph\">Embora a situa\u00e7\u00e3o socioecon\u00f4mica seja considerada como crit\u00e9rio de classifica\u00e7\u00e3o, n\u00e3o h\u00e1 limite de renda para participar da sele\u00e7\u00e3o, permitindo que qualquer estudante que atenda aos requisitos possa concorrer \u00e0s bolsas.<\/p>\n\n\n\n<h2 class=\"wp-block-heading\"><strong>Como fazer a inscri\u00e7\u00e3o<\/strong><\/h2>\n\n\n\n<p class=\"wp-block-paragraph\">As inscri\u00e7\u00f5es devem ser realizadas presencialmente at\u00e9 o dia 31 de julho, na unidade da UAI Nova Lima, localizada na Rua Pereira de Freitas, n\u00ba 163, no Centro.<\/p>\n\n\n\n<p class=\"wp-block-paragraph\">O atendimento exige agendamento pr\u00e9vio, que pode ser feito pelo Portal MG, pelo aplicativo MG App ou em um terminal de autoatendimento dispon\u00edvel na pr\u00f3pria unidade.<\/p>\n\n\n\n<p class=\"wp-block-paragraph\">No momento da inscri\u00e7\u00e3o, os candidatos dever\u00e3o apresentar toda a documenta\u00e7\u00e3o prevista no edital, incluindo:<\/p>\n\n\n\n<ul class=\"wp-block-list\">\n<li>Documento de identifica\u00e7\u00e3o;<\/li>\n\n\n\n<li>Boletim escolar;<\/li>\n\n\n\n<li>Relat\u00f3rio de frequ\u00eancia emitido pela escola de idiomas;<\/li>\n\n\n\n<li>Demais documentos exigidos no regulamento.<\/li>\n<\/ul>\n\n\n\n<p class=\"wp-block-paragraph\">O edital, dispon\u00edvel <a href=\"https:\/\/novalima.mg.gov.br\/inicio\/publicacoes-oficiais\/publicacao\/18674\" target=\"_blank\" rel=\"noopener\">aqui<\/a>, re\u00fane todas as regras da sele\u00e7\u00e3o, os crit\u00e9rios de classifica\u00e7\u00e3o e a lista completa de documentos necess\u00e1rios.<\/p>\n\n\n\n<p class=\"wp-block-paragraph\">Al\u00e9m das bolsas destinadas aos estudantes, o Programa Nova L\u00edngua tamb\u00e9m abrir\u00e1 sele\u00e7\u00e3o para cinco professores de idiomas (tr\u00eas de ingl\u00eas, dois de espanhol), que acompanhar\u00e3o os grupos durante o interc\u00e2mbio.<\/p>\n\n\n\n<p class=\"wp-block-paragraph\">Os profissionais tamb\u00e9m devem atender aos requisitos espec\u00edficos estabelecidos no edital.<\/p>\n","protected":false},"excerpt":{"rendered":"<p>O Programa Nova L\u00edngua \u2013 Interc\u00e2mbio Lingu\u00edstico Internacional 2026 est\u00e1 com inscri\u00e7\u00f5es abertas para estudantes de Nova Lima. A iniciativa, promovida pela Prefeitura de Nova Lima em parceria com a AFS Intercultural Brasil, vai conceder 50 bolsas integrais para uma experi\u00eancia de imers\u00e3o lingu\u00edstica, educacional e cultural no exterior. Os interessados podem se inscrever at\u00e9 [&hellip;]<\/p>\n","protected":false},"author":3,"featured_media":5151,"comment_status":"closed","ping_status":"open","sticky":false,"template":"","format":"standard","meta":{"_acf_changed":false,"footnotes":""},"categories":[1,11],"tags":[],"class_list":["post-5150","post","type-post","status-publish","format-standard","has-post-thumbnail","hentry","category-geral","category-cidades"],"acf":{"subtitulo":"O programa oferta bolsas integrais para interc\u00e2mbio de 30 dias em Londres e Madri; inscri\u00e7\u00f5es v\u00e3o at\u00e9 31 de julho","oculta_home":false,"leitura_rapida":""},"_links":{"self":[{"href":"https:\/\/diariodocomercio.com.br\/geral\/wp-json\/wp\/v2\/posts\/5150","targetHints":{"allow":["GET"]}}],"collection":[{"href":"https:\/\/diariodocomercio.com.br\/geral\/wp-json\/wp\/v2\/posts"}],"about":[{"href":"https:\/\/diariodocomercio.com.br\/geral\/wp-json\/wp\/v2\/types\/post"}],"author":[{"embeddable":true,"href":"https:\/\/diariodocomercio.com.br\/geral\/wp-json\/wp\/v2\/users\/3"}],"replies":[{"embeddable":true,"href":"https:\/\/diariodocomercio.com.br\/geral\/wp-json\/wp\/v2\/comments?post=5150"}],"version-history":[{"count":1,"href":"https:\/\/diariodocomercio.com.br\/geral\/wp-json\/wp\/v2\/posts\/5150\/revisions"}],"predecessor-version":[{"id":5152,"href":"https:\/\/diariodocomercio.com.br\/geral\/wp-json\/wp\/v2\/posts\/5150\/revisions\/5152"}],"wp:featuredmedia":[{"embeddable":true,"href":"https:\/\/diariodocomercio.com.br\/geral\/wp-json\/wp\/v2\/media\/5151"}],"wp:attachment":[{"href":"https:\/\/diariodocomercio.com.br\/geral\/wp-json\/wp\/v2\/media?parent=5150"}],"wp:term":[{"taxonomy":"category","embeddable":true,"href":"https:\/\/diariodocomercio.com.br\/geral\/wp-json\/wp\/v2\/categories?post=5150"},{"taxonomy":"post_tag","embeddable":true,"href":"https:\/\/diariodocomercio.com.br\/geral\/wp-json\/wp\/v2\/tags?post=5150"}],"curies":[{"name":"wp","href":"https:\/\/api.w.org\/{rel}","templated":true}]}}