{"id":7973,"date":"2026-08-31T10:05:00","date_gmt":"2026-08-31T13:05:00","guid":{"rendered":"https:\/\/diariodocomercio.com.br\/geral\/?p=7973"},"modified":"2026-08-31T09:56:08","modified_gmt":"2026-08-31T12:56:08","slug":"if-sudeste-mg-643-vagas-juiz-de-fora","status":"publish","type":"post","link":"https:\/\/diariodocomercio.com.br\/geral\/if-sudeste-mg-643-vagas-juiz-de-fora\/","title":{"rendered":"IF SUDESTE MG abre 643 vagas no Campus Juiz de Fora; veja como se inscrever"},"content":{"rendered":"\n<p class=\"wp-block-paragraph\">O <a href=\"https:\/\/www.ifsudestemg.edu.br\" target=\"_blank\" rel=\"noopener\">Instituto Federal do Sudeste de Minas Gerais<\/a> (IF SUDESTE MG) est\u00e1 com inscri\u00e7\u00f5es abertas para 643 vagas no Campus Juiz de Fora para o Processo Seletivo 2027. Quem quiser concorrer tem at\u00e9 29 de setembro para se inscrever pelo <a href=\"https:\/\/candidato.ifsudestemg.edu.br\/\" target=\"_blank\" rel=\"noopener\">Portal do Candidato<\/a>, usando o login do Gov.br.<\/p>\n\n\n\n<p class=\"wp-block-paragraph\">Entre as op\u00e7\u00f5es dispon\u00edveis est\u00e3o 15 cursos t\u00e9cnicos e de n\u00edvel m\u00e9dio, sete gradua\u00e7\u00f5es e uma especializa\u00e7\u00e3o, nos turnos integral, vespertino e noturno.<\/p>\n\n\n\n<h2 class=\"wp-block-heading\"><strong>Cursos dispon\u00edveis no Campus Juiz de Fora<\/strong><\/h2>\n\n\n\n<p class=\"wp-block-paragraph\">Nos cursos t\u00e9cnicos, as op\u00e7\u00f5es s\u00e3o Edifica\u00e7\u00f5es, Eletromec\u00e2nica, Eletrot\u00e9cnica, Eventos, Metalurgia, Transporte Rodovi\u00e1rio e Transa\u00e7\u00f5es Imobili\u00e1rias. Parte das vagas \u00e9 para quem j\u00e1 concluiu o ensino m\u00e9dio; outra parte, para quem ainda est\u00e1 cursando em outra escola e quer fazer a forma\u00e7\u00e3o t\u00e9cnica ao mesmo tempo.<\/p>\n\n\n\n<p class=\"wp-block-paragraph\">O campus tamb\u00e9m oferece sete cursos t\u00e9cnicos integrados ao ensino m\u00e9dio: Desenvolvimento de Sistemas, Edifica\u00e7\u00f5es, Eletromec\u00e2nica, Eletrot\u00e9cnica, Mec\u00e2nica, Meio Ambiente e Metalurgia.<\/p>\n\n\n\n<p class=\"wp-block-paragraph\">O Proeja, voltado \u00e0 educa\u00e7\u00e3o profissional de jovens e adultos, oferece o curso de Secretariado no per\u00edodo noturno.<\/p>\n\n\n\n<p class=\"wp-block-paragraph\">Na gradua\u00e7\u00e3o, as \u00e1reas dispon\u00edveis s\u00e3o Engenharia Mecatr\u00f4nica, Engenharia Metal\u00fargica, Engenharia El\u00e9trica, Sistemas de Informa\u00e7\u00e3o, F\u00edsica, Matem\u00e1tica e Design de Interiores. A p\u00f3s-gradua\u00e7\u00e3o tem uma especializa\u00e7\u00e3o em Desenvolvimento de Projetos Baseados em Tecnologia 4.0.<\/p>\n\n\n\n<h2 class=\"wp-block-heading\"><strong>Como o IF SUDESTE MG vai selecionar os candidatos<\/strong><\/h2>\n\n\n\n<p class=\"wp-block-paragraph\">A forma de sele\u00e7\u00e3o varia conforme o curso. Nos t\u00e9cnicos e no Proeja, os aprovados s\u00e3o definidos por sorteio marcado para 25 de novembro. Candidatos a t\u00e9cnicos integrados ao ensino m\u00e9dio e a gradua\u00e7\u00f5es far\u00e3o prova no dia 22 de novembro, com resultado previsto para 16 de dezembro. Quem concorre \u00e0 especializa\u00e7\u00e3o \u00e9 avaliado pelo curr\u00edculo enviado.<\/p>\n\n\n\n<p class=\"wp-block-paragraph\">Parte das vagas de gradua\u00e7\u00e3o ser\u00e1 distribu\u00edda via Sisu, sistema federal que usa a nota do Enem, em edital separado sem previs\u00e3o de publica\u00e7\u00e3o.<\/p>\n\n\n\n<p class=\"wp-block-paragraph\">As taxas variam de R$ 20, para cursos t\u00e9cnicos, a R$ 60, para gradua\u00e7\u00e3o e p\u00f3s-gradua\u00e7\u00e3o. As inscri\u00e7\u00f5es no Proeja s\u00e3o gratuitas. A isen\u00e7\u00e3o pode ser pedida pelo Portal do Candidato at\u00e9 4 de setembro.<\/p>\n\n\n\n<p class=\"wp-block-paragraph\">O IF SUDESTE MG tamb\u00e9m oferece cerca de 4 mil vagas neste mesmo processo seletivo em outros nove campi, incluindo Barbacena, Muria\u00e9, S\u00e3o Jo\u00e3o del Rei e Ub\u00e1.<\/p>\n","protected":false},"excerpt":{"rendered":"<p>O Instituto Federal do Sudeste de Minas Gerais (IF SUDESTE MG) est\u00e1 com inscri\u00e7\u00f5es abertas para 643 vagas no Campus Juiz de Fora para o Processo Seletivo 2027. Quem quiser concorrer tem at\u00e9 29 de setembro para se inscrever pelo Portal do Candidato, usando o login do Gov.br. Entre as op\u00e7\u00f5es dispon\u00edveis est\u00e3o 15 cursos [&hellip;]<\/p>\n","protected":false},"author":4,"featured_media":7976,"comment_status":"closed","ping_status":"open","sticky":false,"template":"","format":"standard","meta":{"_acf_changed":false,"footnotes":""},"categories":[11],"tags":[],"class_list":["post-7973","post","type-post","status-publish","format-standard","has-post-thumbnail","hentry","category-cidades"],"acf":{"subtitulo":"Prazo de inscri\u00e7\u00e3o vai at\u00e9 29 de setembro, com cursos t\u00e9cnicos, gradua\u00e7\u00f5es e uma especializa\u00e7\u00e3o dispon\u00edveis no per\u00edodo noturno e integral","oculta_home":false,"leitura_rapida":""},"_links":{"self":[{"href":"https:\/\/diariodocomercio.com.br\/geral\/wp-json\/wp\/v2\/posts\/7973","targetHints":{"allow":["GET"]}}],"collection":[{"href":"https:\/\/diariodocomercio.com.br\/geral\/wp-json\/wp\/v2\/posts"}],"about":[{"href":"https:\/\/diariodocomercio.com.br\/geral\/wp-json\/wp\/v2\/types\/post"}],"author":[{"embeddable":true,"href":"https:\/\/diariodocomercio.com.br\/geral\/wp-json\/wp\/v2\/users\/4"}],"replies":[{"embeddable":true,"href":"https:\/\/diariodocomercio.com.br\/geral\/wp-json\/wp\/v2\/comments?post=7973"}],"version-history":[{"count":2,"href":"https:\/\/diariodocomercio.com.br\/geral\/wp-json\/wp\/v2\/posts\/7973\/revisions"}],"predecessor-version":[{"id":7975,"href":"https:\/\/diariodocomercio.com.br\/geral\/wp-json\/wp\/v2\/posts\/7973\/revisions\/7975"}],"wp:featuredmedia":[{"embeddable":true,"href":"https:\/\/diariodocomercio.com.br\/geral\/wp-json\/wp\/v2\/media\/7976"}],"wp:attachment":[{"href":"https:\/\/diariodocomercio.com.br\/geral\/wp-json\/wp\/v2\/media?parent=7973"}],"wp:term":[{"taxonomy":"category","embeddable":true,"href":"https:\/\/diariodocomercio.com.br\/geral\/wp-json\/wp\/v2\/categories?post=7973"},{"taxonomy":"post_tag","embeddable":true,"href":"https:\/\/diariodocomercio.com.br\/geral\/wp-json\/wp\/v2\/tags?post=7973"}],"curies":[{"name":"wp","href":"https:\/\/api.w.org\/{rel}","templated":true}]}}