{"id":7981,"date":"2026-08-31T11:00:00","date_gmt":"2026-08-31T14:00:00","guid":{"rendered":"https:\/\/diariodocomercio.com.br\/geral\/?p=7981"},"modified":"2026-08-31T10:44:23","modified_gmt":"2026-08-31T13:44:23","slug":"alerta-de-vendaval","status":"publish","type":"post","link":"https:\/\/diariodocomercio.com.br\/geral\/alerta-de-vendaval\/","title":{"rendered":"Alerta de vendaval atinge 39 cidades de Minas Gerais; veja se a sua est\u00e1 na lista!"},"content":{"rendered":"\n<p class=\"wp-block-paragraph\">O Inmet emitiu nesta segunda-feira (31\/08) um alerta de vendaval para 39 cidades mineiras com validade at\u00e9 o fim de hoje. Segundo previs\u00f5es, os ventos podem chegar at\u00e9 60 km\/h, o que leva ao alerta amarelo, indicando risco moderado. Ou seja, \u00e9 uma situa\u00e7\u00e3o metereol\u00f3gica com potencial de se tornar perigosa, mas ainda possui menor gravidade em compara\u00e7\u00e3o com os n\u00edveis laranja e vermelho.<\/p>\n\n\n\n<p class=\"wp-block-paragraph\">No caso desse aviso, o Inmet aponta para baixo risco de queda de galhos de \u00e1rvores ligados ao vendaval. Mesmo assim, existem algumas indica\u00e7\u00f5es de seguran\u00e7a durante essa situa\u00e7\u00e3o:<\/p>\n\n\n\n<ul class=\"wp-block-list\">\n<li>N\u00e3o se abrigue debaixo de \u00e1rvores durante rajadas de vento, pelo risco de queda de galhos e descargas el\u00e9tricas;<\/li>\n\n\n\n<li>Evitar estacionar ve\u00edculos perto de torres de transmiss\u00e3o de energia ou placas de propaganda.<\/li>\n\n\n\n<li>N\u00e3o usar aparelhos eletr\u00f4nicos conectados \u00e0 tomada durante a tempestade, pelo risco de descarga el\u00e9trica;<\/li>\n<\/ul>\n\n\n\n<p class=\"wp-block-paragraph\">Caso necess\u00e1rio, durante emerg\u00eancia, \u00e9 poss\u00edvel acionar a Defesa Civil pelo n\u00famero 199 ou o <a href=\"https:\/\/www.bombeiros.mg.gov.br\/\" target=\"_blank\" rel=\"noreferrer noopener\">Corpo de Bombeiros<\/a> pelo n\u00famero 193. J\u00e1 problemas de energia devem ser reportados para concession\u00e1ria local, como, por exemplo, a Cemig.<\/p>\n\n\n\n<p class=\"wp-block-paragraph\">Esse tipo de alerta amarelo custuma vir acompanhado de previs\u00e3o de chuva (em geral, entre 20 e 50 mm no dia) e possibilidade de granizo, algo que ocorre ao redor do Brasil quando esse mesmo alerta \u00e9 dado. <\/p>\n\n\n\n<h2 class=\"wp-block-heading\">Quais s\u00e3o as cidades afetadas pelo alerta de vendaval?<\/h2>\n\n\n\n<p class=\"wp-block-paragraph\">A maior parte das cidades listadas fica no Tri\u00e2ngulo Mineiro, sendo que Uberl\u00e2ndia, Uberaba, Ituiutaba, Araguari, Frutal, Prata e outras receberam o alerta de vendaval do Inmet. Segue abaixo a lista completa de cidades:<\/p>\n\n\n\n<figure class=\"wp-block-table\"><table class=\"has-fixed-layout\"><thead><tr><th>Cidade<\/th><th>Cidade<\/th><th>Cidade<\/th><\/tr><\/thead><tbody><tr><td>\u00c1gua Comprida<\/td><td>Fronteira<\/td><td>Pirajuba<\/td><\/tr><tr><td>Araguari<\/td><td>Frutal<\/td><td>Planura<\/td><\/tr><tr><td>Campina Verde<\/td><td>Gurinhat\u00e3<\/td><td>Prata<\/td><\/tr><tr><td>Campo Florido<\/td><td>Indian\u00f3polis<\/td><td>Romaria<\/td><\/tr><tr><td>Can\u00e1polis<\/td><td>Ira\u00ed de Minas<\/td><td>Sacramento<\/td><\/tr><tr><td>Carneirinho<\/td><td>Itapagipe<\/td><td>Santa Juliana<\/td><\/tr><tr><td>Cascalho Rico<\/td><td>Ituiutaba<\/td><td>Santa Vit\u00f3ria<\/td><\/tr><tr><td>Centralina<\/td><td>Iturama<\/td><td>S\u00e3o Francisco de Sales<\/td><\/tr><tr><td>Comendador Gomes<\/td><td>Limeira do Oeste<\/td><td>Tupaciguara<\/td><\/tr><tr><td>Concei\u00e7\u00e3o das Alagoas<\/td><td>Monte Alegre de Minas<\/td><td>Uberaba<\/td><\/tr><tr><td>Conquista<\/td><td>Nova Ponte<\/td><td>Uberl\u00e2ndia<\/td><\/tr><tr><td>Delta<\/td><td>Pedrin\u00f3polis<\/td><td>Uni\u00e3o de Minas<\/td><\/tr><tr><td>Estrela do Sul<\/td><td>Perdizes<\/td><td>Ver\u00edssimo<\/td><\/tr><\/tbody><\/table><\/figure>\n\n\n\n<p class=\"wp-block-paragraph\"><\/p>\n","protected":false},"excerpt":{"rendered":"<p>O Inmet emitiu nesta segunda-feira (31\/08) um alerta de vendaval para 39 cidades mineiras com validade at\u00e9 o fim de hoje. Segundo previs\u00f5es, os ventos podem chegar at\u00e9 60 km\/h, o que leva ao alerta amarelo, indicando risco moderado. Ou seja, \u00e9 uma situa\u00e7\u00e3o metereol\u00f3gica com potencial de se tornar perigosa, mas ainda possui menor [&hellip;]<\/p>\n","protected":false},"author":5,"featured_media":7988,"comment_status":"closed","ping_status":"open","sticky":false,"template":"","format":"standard","meta":{"_acf_changed":false,"footnotes":""},"categories":[1,11],"tags":[],"class_list":["post-7981","post","type-post","status-publish","format-standard","has-post-thumbnail","hentry","category-geral","category-cidades"],"acf":{"subtitulo":"Inmet emite aviso amarelo v\u00e1lido s\u00f3 para hoje no Tri\u00e2ngulo Mineiro, com ventos de at\u00e9 60 km\/h.","oculta_home":false,"leitura_rapida":""},"_links":{"self":[{"href":"https:\/\/diariodocomercio.com.br\/geral\/wp-json\/wp\/v2\/posts\/7981","targetHints":{"allow":["GET"]}}],"collection":[{"href":"https:\/\/diariodocomercio.com.br\/geral\/wp-json\/wp\/v2\/posts"}],"about":[{"href":"https:\/\/diariodocomercio.com.br\/geral\/wp-json\/wp\/v2\/types\/post"}],"author":[{"embeddable":true,"href":"https:\/\/diariodocomercio.com.br\/geral\/wp-json\/wp\/v2\/users\/5"}],"replies":[{"embeddable":true,"href":"https:\/\/diariodocomercio.com.br\/geral\/wp-json\/wp\/v2\/comments?post=7981"}],"version-history":[{"count":3,"href":"https:\/\/diariodocomercio.com.br\/geral\/wp-json\/wp\/v2\/posts\/7981\/revisions"}],"predecessor-version":[{"id":7990,"href":"https:\/\/diariodocomercio.com.br\/geral\/wp-json\/wp\/v2\/posts\/7981\/revisions\/7990"}],"wp:featuredmedia":[{"embeddable":true,"href":"https:\/\/diariodocomercio.com.br\/geral\/wp-json\/wp\/v2\/media\/7988"}],"wp:attachment":[{"href":"https:\/\/diariodocomercio.com.br\/geral\/wp-json\/wp\/v2\/media?parent=7981"}],"wp:term":[{"taxonomy":"category","embeddable":true,"href":"https:\/\/diariodocomercio.com.br\/geral\/wp-json\/wp\/v2\/categories?post=7981"},{"taxonomy":"post_tag","embeddable":true,"href":"https:\/\/diariodocomercio.com.br\/geral\/wp-json\/wp\/v2\/tags?post=7981"}],"curies":[{"name":"wp","href":"https:\/\/api.w.org\/{rel}","templated":true}]}}