{"id":7983,"date":"2026-08-31T10:45:00","date_gmt":"2026-08-31T13:45:00","guid":{"rendered":"https:\/\/diariodocomercio.com.br\/geral\/?p=7983"},"modified":"2026-08-31T10:31:50","modified_gmt":"2026-08-31T13:31:50","slug":"metro-de-bh-tera-intervalos-18-min","status":"publish","type":"post","link":"https:\/\/diariodocomercio.com.br\/geral\/metro-de-bh-tera-intervalos-18-min\/","title":{"rendered":"Metr\u00f4 de BH opera em via \u00fanica e eleva intervalo para 18 min at\u00e9 sexta"},"content":{"rendered":"\n<p class=\"wp-block-paragraph\">O Metr\u00f4 de Belo Horizonte ter\u00e1 intervalo de 18 minutos entre os trens ap\u00f3s as 20h desta semana, de segunda (31) a sexta (4), por causa das obras na Linha 1.<\/p>\n\n\n\n<p class=\"wp-block-paragraph\">As esta\u00e7\u00f5es Carlos Prates e Calafate tamb\u00e9m operam em via \u00fanica nesse hor\u00e1rio. A <a href=\"https:\/\/www.metrobh.com.br\" target=\"_blank\" rel=\"noopener\">Metr\u00f4 BH<\/a> pede que os usu\u00e1rios confirmem o sentido do trem antes de embarcar.<\/p>\n\n\n\n<h2 class=\"wp-block-heading\"><strong>O que muda nos hor\u00e1rios do Metr\u00f4 de BH nesta semana<\/strong><\/h2>\n\n\n\n<p class=\"wp-block-paragraph\">O funcionamento segue das 5h15 \u00e0s 23h, sete dias por semana. Em dias \u00fateis, a frequ\u00eancia nos dois picos \u00e9 de 7,5 minutos. Fora dessas janelas, o intervalo sobe para 15 minutos. O pico matutino vai das 6h \u00e0s 8h; o vespertino, das 16h30 \u00e0s 18h30.<\/p>\n\n\n\n<p class=\"wp-block-paragraph\">Nos s\u00e1bados, a frequ\u00eancia de 7,5 minutos vale at\u00e9 as 8h e passa para 15 minutos depois disso. Domingos e feriados t\u00eam intervalo fixo de 15 minutos.<\/p>\n\n\n\n<p class=\"wp-block-paragraph\">No \u00faltimo domingo (30), os trens j\u00e1 operaram com intervalos de 18 minutos durante todo o dia. As esta\u00e7\u00f5es Santa Efig\u00eania, Santa Tereza e Nova Su\u00ed\u00e7a funcionaram em via \u00fanica, com a mesma orienta\u00e7\u00e3o de confirmar a dire\u00e7\u00e3o antes de embarcar.<\/p>\n","protected":false},"excerpt":{"rendered":"<p>O Metr\u00f4 de Belo Horizonte ter\u00e1 intervalo de 18 minutos entre os trens ap\u00f3s as 20h desta semana, de segunda (31) a sexta (4), por causa das obras na Linha 1. As esta\u00e7\u00f5es Carlos Prates e Calafate tamb\u00e9m operam em via \u00fanica nesse hor\u00e1rio. A Metr\u00f4 BH pede que os usu\u00e1rios confirmem o sentido do [&hellip;]<\/p>\n","protected":false},"author":4,"featured_media":3296,"comment_status":"closed","ping_status":"open","sticky":false,"template":"","format":"standard","meta":{"_acf_changed":false,"footnotes":""},"categories":[11],"tags":[],"class_list":["post-7983","post","type-post","status-publish","format-standard","has-post-thumbnail","hentry","category-cidades"],"acf":{"subtitulo":"Obras na Linha 1 colocam Carlos Prates e Calafate em via \u00fanica ap\u00f3s as 20h at\u00e9 sexta-feira (4)","oculta_home":false,"leitura_rapida":""},"_links":{"self":[{"href":"https:\/\/diariodocomercio.com.br\/geral\/wp-json\/wp\/v2\/posts\/7983","targetHints":{"allow":["GET"]}}],"collection":[{"href":"https:\/\/diariodocomercio.com.br\/geral\/wp-json\/wp\/v2\/posts"}],"about":[{"href":"https:\/\/diariodocomercio.com.br\/geral\/wp-json\/wp\/v2\/types\/post"}],"author":[{"embeddable":true,"href":"https:\/\/diariodocomercio.com.br\/geral\/wp-json\/wp\/v2\/users\/4"}],"replies":[{"embeddable":true,"href":"https:\/\/diariodocomercio.com.br\/geral\/wp-json\/wp\/v2\/comments?post=7983"}],"version-history":[{"count":3,"href":"https:\/\/diariodocomercio.com.br\/geral\/wp-json\/wp\/v2\/posts\/7983\/revisions"}],"predecessor-version":[{"id":7986,"href":"https:\/\/diariodocomercio.com.br\/geral\/wp-json\/wp\/v2\/posts\/7983\/revisions\/7986"}],"wp:featuredmedia":[{"embeddable":true,"href":"https:\/\/diariodocomercio.com.br\/geral\/wp-json\/wp\/v2\/media\/3296"}],"wp:attachment":[{"href":"https:\/\/diariodocomercio.com.br\/geral\/wp-json\/wp\/v2\/media?parent=7983"}],"wp:term":[{"taxonomy":"category","embeddable":true,"href":"https:\/\/diariodocomercio.com.br\/geral\/wp-json\/wp\/v2\/categories?post=7983"},{"taxonomy":"post_tag","embeddable":true,"href":"https:\/\/diariodocomercio.com.br\/geral\/wp-json\/wp\/v2\/tags?post=7983"}],"curies":[{"name":"wp","href":"https:\/\/api.w.org\/{rel}","templated":true}]}}