{"id":7991,"date":"2026-08-31T11:15:00","date_gmt":"2026-08-31T14:15:00","guid":{"rendered":"https:\/\/diariodocomercio.com.br\/geral\/?p=7991"},"modified":"2026-08-31T11:13:21","modified_gmt":"2026-08-31T14:13:21","slug":"bandeira-amarela","status":"publish","type":"post","link":"https:\/\/diariodocomercio.com.br\/geral\/bandeira-amarela\/","title":{"rendered":"Bandeira amarela segue na conta de luz em setembro; entenda por que"},"content":{"rendered":"\n<p class=\"wp-block-paragraph\">Na \u00faltima sexta-feira (28\/08) a Aneel confirmou a manuten\u00e7\u00e3o da bandeira amarela para o m\u00eas de setembro, seguindo o uso da bandeira pelo quinto m\u00eas. A bandeira indica um acr\u00e9scimo de R$ 1,88 a cada 100 kWh consumidos. <\/p>\n\n\n\n<p class=\"wp-block-paragraph\">Isso vale para quase todos consumidores ligados ao Sistema Interligado Nacional (<a href=\"https:\/\/www.ana.gov.br\/sar\/sin\" target=\"_blank\" rel=\"noreferrer noopener\">SIN<\/a>) e a situa\u00e7\u00e3o segue a mesma desde maio, sendo que setembro \u00e9 o quito m\u00eas em que a bandeira amarela segue ativa.<\/p>\n\n\n\n<p class=\"wp-block-paragraph\">O motivo por tr\u00e1s disso \u00e9 o per\u00edodo seco, t\u00edpico do segundo semestre nas bacias hidrogr\u00e1ficas do pa\u00eds. Ou seja, isso reduz o n\u00edvel de reservat\u00f3rios das hidrel\u00e9tricas, a principal forma de produ\u00e7\u00e3o de energia no Brasil. Por conta do n\u00edvel reduzido, \u00e9 preciso acionar termel\u00e9tricas, que possuem custo de gera\u00e7\u00e3o maior.<\/p>\n\n\n\n<p class=\"wp-block-paragraph\">Esse custo \u00e9 repassado ao consumidor por via da bandeira tarif\u00e1ria. Vale lembrar que a bandeira amarela \u00e9 de menor preocupa\u00e7\u00e3o, vindo ap\u00f3s a bandeira verde. Caso necess\u00e1rio, existem bandeiras vermelhas, de patamar 1 e 2. <\/p>\n\n\n\n<p class=\"wp-block-paragraph\">Nesse caso, a gera\u00e7\u00e3o de energia \u00e9 mais custosa e possuem acr\u00e9scimos muito maiores na fatura. O n\u00edvel mais s\u00e9rio \u00e9 a bandeira de escassez h\u00eddrica, que indica uma crise severa.<\/p>\n\n\n\n<h2 class=\"wp-block-heading\">O que fazer para reduzir consumo de energia em casa<\/h2>\n\n\n\n<p class=\"wp-block-paragraph\">A Aneel refor\u00e7a a import\u00e2ncia de h\u00e1bitos conscientes de consumo durante a aplica\u00e7\u00e3o da bandeira amarela. Alguns h\u00e1bitos s\u00e3o relativamente simples de seguir. <\/p>\n\n\n\n<p class=\"wp-block-paragraph\">Pr\u00e1ticas b\u00e1sicas como evitar o uso de aparelhos que consomem muita energia ao mesmo tempo j\u00e1 ajudam a segurar as pontas na conta de energia. Coisas como chuveiro el\u00e9trico, ferro de passar e ar-condicionado consomem n\u00edveis excepcionais de energia, e devem ser evitados principalmente no chamado hor\u00e1rio de pico, entre as 18 e 21h.<\/p>\n\n\n\n<p class=\"wp-block-paragraph\">Al\u00e9m disso, desligar equipamentos em stand-by, como televis\u00f5es e carregadores, tamb\u00e9m reduz o consumo, j\u00e1 que esses continuam gastando energia mesmo desligados.<\/p>\n\n\n\n<p class=\"wp-block-paragraph\">Outra indica\u00e7\u00e3o \u00e9 n\u00e3o usar l\u00e2mpadas comuns e preferir sempre os modelos de LED, que \u00e9 uma alternativa de economia real ao longo dos meses, j\u00e1 que consomem muito menos energia para gerar a mesma quantidade de luz.<\/p>\n\n\n\n<p class=\"wp-block-paragraph\">Fora isso, vale ficar de olho em poss\u00edveis vazamentos de energia em equipamentos antigos. Chuveiros el\u00e9tricos costumam a ser os principais vil\u00f5es nesse sentido quando n\u00e3o recebem manuten\u00e7\u00e3o adequada.<\/p>\n\n\n\n<p class=\"wp-block-paragraph\">Com essa bandeira valendo pelo quinto m\u00eas seguido, esses cuidados podem fazer grande diferen\u00e7a no fim do m\u00eas. Vale notar que esse per\u00edodo n\u00e3o \u00e9 o pior dos anos recentes, em 2021 houve uma crise h\u00eddrica severa, sendo considerada a pior do s\u00e9culo.<\/p>\n\n\n\n<p class=\"wp-block-paragraph\">Durante aquele ano, a escassez de chuvas levou a Aneel a criar a bandeira extra, a batizada como &#8216;escassez h\u00eddrica&#8217;. Ela cobra um valor extra de R$ 14,20 a cada 100 kWh, quase oito vezes maior que o acr\u00e9scimo da bandeira amarela. Essa medida chegou a gerar um pedido de racionamento para evitar o colpaso do sistema el\u00e9trico brasileiro.<\/p>\n","protected":false},"excerpt":{"rendered":"<p>Na \u00faltima sexta-feira (28\/08) a Aneel confirmou a manuten\u00e7\u00e3o da bandeira amarela para o m\u00eas de setembro, seguindo o uso da bandeira pelo quinto m\u00eas. A bandeira indica um acr\u00e9scimo de R$ 1,88 a cada 100 kWh consumidos. Isso vale para quase todos consumidores ligados ao Sistema Interligado Nacional (SIN) e a situa\u00e7\u00e3o segue a [&hellip;]<\/p>\n","protected":false},"author":5,"featured_media":7997,"comment_status":"closed","ping_status":"open","sticky":false,"template":"","format":"standard","meta":{"_acf_changed":false,"footnotes":""},"categories":[1,9],"tags":[],"class_list":["post-7991","post","type-post","status-publish","format-standard","has-post-thumbnail","hentry","category-geral","category-economia"],"acf":{"subtitulo":"\u00c9 o quinto m\u00eas seguido com cobran\u00e7a extra, resultado do per\u00edodo seco no pa\u00eds.","oculta_home":false,"leitura_rapida":""},"_links":{"self":[{"href":"https:\/\/diariodocomercio.com.br\/geral\/wp-json\/wp\/v2\/posts\/7991","targetHints":{"allow":["GET"]}}],"collection":[{"href":"https:\/\/diariodocomercio.com.br\/geral\/wp-json\/wp\/v2\/posts"}],"about":[{"href":"https:\/\/diariodocomercio.com.br\/geral\/wp-json\/wp\/v2\/types\/post"}],"author":[{"embeddable":true,"href":"https:\/\/diariodocomercio.com.br\/geral\/wp-json\/wp\/v2\/users\/5"}],"replies":[{"embeddable":true,"href":"https:\/\/diariodocomercio.com.br\/geral\/wp-json\/wp\/v2\/comments?post=7991"}],"version-history":[{"count":4,"href":"https:\/\/diariodocomercio.com.br\/geral\/wp-json\/wp\/v2\/posts\/7991\/revisions"}],"predecessor-version":[{"id":8000,"href":"https:\/\/diariodocomercio.com.br\/geral\/wp-json\/wp\/v2\/posts\/7991\/revisions\/8000"}],"wp:featuredmedia":[{"embeddable":true,"href":"https:\/\/diariodocomercio.com.br\/geral\/wp-json\/wp\/v2\/media\/7997"}],"wp:attachment":[{"href":"https:\/\/diariodocomercio.com.br\/geral\/wp-json\/wp\/v2\/media?parent=7991"}],"wp:term":[{"taxonomy":"category","embeddable":true,"href":"https:\/\/diariodocomercio.com.br\/geral\/wp-json\/wp\/v2\/categories?post=7991"},{"taxonomy":"post_tag","embeddable":true,"href":"https:\/\/diariodocomercio.com.br\/geral\/wp-json\/wp\/v2\/tags?post=7991"}],"curies":[{"name":"wp","href":"https:\/\/api.w.org\/{rel}","templated":true}]}}