{"id":7993,"date":"2026-08-31T11:30:00","date_gmt":"2026-08-31T14:30:00","guid":{"rendered":"https:\/\/diariodocomercio.com.br\/geral\/?p=7993"},"modified":"2026-08-31T11:10:59","modified_gmt":"2026-08-31T14:10:59","slug":"motoboy-por-app-em-bh-mais-barato","status":"publish","type":"post","link":"https:\/\/diariodocomercio.com.br\/geral\/motoboy-por-app-em-bh-mais-barato\/","title":{"rendered":"Motoboy por app em BH \u00e9 R$ 10 mais barato por corrida que o tradicional, aponta levantamento"},"content":{"rendered":"\n<p class=\"wp-block-paragraph\">Contratar motoboy por aplicativo em BH custa, em m\u00e9dia, 42% menos do que recorrer ao servi\u00e7o tradicional. O dado vem de um levantamento do <a href=\"https:\/\/www.mercadomineiro.com.br\" target=\"_blank\" rel=\"noopener\">Mercado Mineiro<\/a> com coleta realizada entre 25 e 27 de agosto de 2026.<\/p>\n\n\n\n<p class=\"wp-block-paragraph\">O trajeto de refer\u00eancia foi entre a Avenida Raja Gabaglia, na regi\u00e3o Oeste de Belo Horizonte, e a Pra\u00e7a Sete, no Centro. Pelas empresas tradicionais, o pre\u00e7o m\u00e9dio encontrado foi de R$ 23,86. Os dois aplicativos pesquisados cobraram R$ 13,66 e R$ 13,90, m\u00e9dia de R$ 13,78, diferen\u00e7a de R$ 10,08 por corrida.<\/p>\n\n\n\n<h2 class=\"wp-block-heading\"><strong><strong>Entre motoboys tradicionais, diferen\u00e7a de pre\u00e7o supera 100% no mesmo trajeto<\/strong><\/strong><\/h2>\n\n\n\n<p class=\"wp-block-paragraph\">A disparidade n\u00e3o para a\u00ed. O valor cobrado pelo trajeto foi de R$ 17 a R$ 35, diferen\u00e7a de mais de 100% entre a cota\u00e7\u00e3o mais barata e a mais cara. A taxa de retorno, cobrada quando o entregador precisa voltar \u00e0 origem, tamb\u00e9m oscilou: de R$ 5 a R$ 15, diferen\u00e7a de 200%.<\/p>\n\n\n\n<p class=\"wp-block-paragraph\">Em rela\u00e7\u00e3o a agosto de 2025, o pre\u00e7o m\u00e9dio do servi\u00e7o tradicional ficou praticamente estagnado. A m\u00e9dia passou de R$ 23,70 para R$ 23,86, alta de R$ 0,16. A taxa de retorno saiu de R$ 10,09 para R$ 10,19, reajuste de R$ 0,10.<\/p>\n\n\n\n<p class=\"wp-block-paragraph\">Quem absorve essa conta \u00e9 o pr\u00f3prio entregador. Segundo o levantamento, ele banca combust\u00edvel, manuten\u00e7\u00e3o, pneus, \u00f3leo, documenta\u00e7\u00e3o, equipamentos de seguran\u00e7a e a deprecia\u00e7\u00e3o da moto, e ainda assume os riscos do tr\u00e2nsito di\u00e1rio.<\/p>\n","protected":false},"excerpt":{"rendered":"<p>Contratar motoboy por aplicativo em BH custa, em m\u00e9dia, 42% menos do que recorrer ao servi\u00e7o tradicional. O dado vem de um levantamento do Mercado Mineiro com coleta realizada entre 25 e 27 de agosto de 2026. O trajeto de refer\u00eancia foi entre a Avenida Raja Gabaglia, na regi\u00e3o Oeste de Belo Horizonte, e a [&hellip;]<\/p>\n","protected":false},"author":4,"featured_media":7995,"comment_status":"closed","ping_status":"open","sticky":false,"template":"","format":"standard","meta":{"_acf_changed":false,"footnotes":""},"categories":[9,11],"tags":[],"class_list":["post-7993","post","type-post","status-publish","format-standard","has-post-thumbnail","hentry","category-economia","category-cidades"],"acf":{"subtitulo":"Mercado Mineiro coletou pre\u00e7os entre 25 e 27 de agosto e encontrou diferen\u00e7a de 42% entre apps e empresas convencionais em BH","oculta_home":false,"leitura_rapida":""},"_links":{"self":[{"href":"https:\/\/diariodocomercio.com.br\/geral\/wp-json\/wp\/v2\/posts\/7993","targetHints":{"allow":["GET"]}}],"collection":[{"href":"https:\/\/diariodocomercio.com.br\/geral\/wp-json\/wp\/v2\/posts"}],"about":[{"href":"https:\/\/diariodocomercio.com.br\/geral\/wp-json\/wp\/v2\/types\/post"}],"author":[{"embeddable":true,"href":"https:\/\/diariodocomercio.com.br\/geral\/wp-json\/wp\/v2\/users\/4"}],"replies":[{"embeddable":true,"href":"https:\/\/diariodocomercio.com.br\/geral\/wp-json\/wp\/v2\/comments?post=7993"}],"version-history":[{"count":2,"href":"https:\/\/diariodocomercio.com.br\/geral\/wp-json\/wp\/v2\/posts\/7993\/revisions"}],"predecessor-version":[{"id":7998,"href":"https:\/\/diariodocomercio.com.br\/geral\/wp-json\/wp\/v2\/posts\/7993\/revisions\/7998"}],"wp:featuredmedia":[{"embeddable":true,"href":"https:\/\/diariodocomercio.com.br\/geral\/wp-json\/wp\/v2\/media\/7995"}],"wp:attachment":[{"href":"https:\/\/diariodocomercio.com.br\/geral\/wp-json\/wp\/v2\/media?parent=7993"}],"wp:term":[{"taxonomy":"category","embeddable":true,"href":"https:\/\/diariodocomercio.com.br\/geral\/wp-json\/wp\/v2\/categories?post=7993"},{"taxonomy":"post_tag","embeddable":true,"href":"https:\/\/diariodocomercio.com.br\/geral\/wp-json\/wp\/v2\/tags?post=7993"}],"curies":[{"name":"wp","href":"https:\/\/api.w.org\/{rel}","templated":true}]}}