{"id":8001,"date":"2026-08-31T12:30:00","date_gmt":"2026-08-31T15:30:00","guid":{"rendered":"https:\/\/diariodocomercio.com.br\/geral\/?p=8001"},"modified":"2026-08-31T11:23:56","modified_gmt":"2026-08-31T14:23:56","slug":"desenrola-fies-ultima-dia-para-renegociar-dividas","status":"publish","type":"post","link":"https:\/\/diariodocomercio.com.br\/geral\/desenrola-fies-ultima-dia-para-renegociar-dividas\/","title":{"rendered":"Desenrola FIES: prazo para ex-estudantes negociarem termina hoje"},"content":{"rendered":"\n<p class=\"wp-block-paragraph\">Termina nesta segunda-feira (31) o prazo para renegocia\u00e7\u00e3o de d\u00edvidas do <a href=\"https:\/\/www.gov.br\/mec\/pt-br\/fies\" target=\"_blank\" rel=\"noopener\">Fundo de Financiamento Estudantil<\/a> pelo Desenrola FIES 2026. O programa oferece descontos e condi\u00e7\u00f5es facilitadas para estudantes com contratos firmados at\u00e9 2017 que estavam na fase de amortiza\u00e7\u00e3o em 4 de maio de 2026, ou seja, j\u00e1 no per\u00edodo de pagamento do valor principal e dos juros ap\u00f3s a conclus\u00e3o do curso.<\/p>\n\n\n\n<p class=\"wp-block-paragraph\">A renegocia\u00e7\u00e3o contempla tanto contratos adimplentes quanto inadimplentes, incluindo estudantes com nome inscrito em cadastros de inadimplentes por atraso no financiamento. N\u00e3o est\u00e3o aptos os estudantes que contrataram o Fies a partir de 1\u00ba de janeiro de 2018 ou que ainda estejam nas fases de uso do financiamento ou de car\u00eancia.<\/p>\n\n\n\n<h2 class=\"wp-block-heading\"><strong>Como fazer a renegocia\u00e7\u00e3o pelo Desenrola FIES<\/strong><\/h2>\n\n\n\n<p class=\"wp-block-paragraph\">A formaliza\u00e7\u00e3o pode ser feita pelos aplicativos oficiais do Banco do Brasil ou da Caixa Econ\u00f4mica Federal, ou presencialmente em qualquer ag\u00eancia do banco respons\u00e1vel pelo contrato. Na Caixa, a renegocia\u00e7\u00e3o do Desenrola FIES tamb\u00e9m est\u00e1 dispon\u00edvel no aplicativo Fies Caixa.&nbsp;<\/p>\n\n\n\n<p class=\"wp-block-paragraph\">Em situa\u00e7\u00f5es que exijam fiador para parcelamentos mais longos, o benefici\u00e1rio poder\u00e1 ser orientado a comparecer presencialmente a uma ag\u00eancia.<\/p>\n\n\n\n<p class=\"wp-block-paragraph\">As condi\u00e7\u00f5es variam conforme o perfil do contrato e o tempo de inadimpl\u00eancia, com benef\u00edcios aplic\u00e1veis tanto para quita\u00e7\u00e3o \u00e0 vista quanto para parcelamento. A renegocia\u00e7\u00e3o s\u00f3 \u00e9 efetivada ap\u00f3s o pagamento da parcela de entrada.&nbsp;<\/p>\n\n\n\n<p class=\"wp-block-paragraph\">Sem esse pagamento, a proposta \u00e9 cancelada. Ap\u00f3s a formaliza\u00e7\u00e3o e o pagamento da entrada, o nome do estudante e dos fiadores ser\u00e1 retirado dos cadastros de inadimplentes, quando aplic\u00e1vel.<\/p>\n","protected":false},"excerpt":{"rendered":"<p>Termina nesta segunda-feira (31) o prazo para renegocia\u00e7\u00e3o de d\u00edvidas do Fundo de Financiamento Estudantil pelo Desenrola FIES 2026. O programa oferece descontos e condi\u00e7\u00f5es facilitadas para estudantes com contratos firmados at\u00e9 2017 que estavam na fase de amortiza\u00e7\u00e3o em 4 de maio de 2026, ou seja, j\u00e1 no per\u00edodo de pagamento do valor principal [&hellip;]<\/p>\n","protected":false},"author":3,"featured_media":8002,"comment_status":"closed","ping_status":"open","sticky":false,"template":"","format":"standard","meta":{"_acf_changed":false,"footnotes":""},"categories":[9,1],"tags":[],"class_list":["post-8001","post","type-post","status-publish","format-standard","has-post-thumbnail","hentry","category-economia","category-geral"],"acf":{"subtitulo":"Programa permite renegociar contratos do Fies firmados at\u00e9 2017 que estavam na fase de amortiza\u00e7\u00e3o em maio","oculta_home":false,"leitura_rapida":""},"_links":{"self":[{"href":"https:\/\/diariodocomercio.com.br\/geral\/wp-json\/wp\/v2\/posts\/8001","targetHints":{"allow":["GET"]}}],"collection":[{"href":"https:\/\/diariodocomercio.com.br\/geral\/wp-json\/wp\/v2\/posts"}],"about":[{"href":"https:\/\/diariodocomercio.com.br\/geral\/wp-json\/wp\/v2\/types\/post"}],"author":[{"embeddable":true,"href":"https:\/\/diariodocomercio.com.br\/geral\/wp-json\/wp\/v2\/users\/3"}],"replies":[{"embeddable":true,"href":"https:\/\/diariodocomercio.com.br\/geral\/wp-json\/wp\/v2\/comments?post=8001"}],"version-history":[{"count":1,"href":"https:\/\/diariodocomercio.com.br\/geral\/wp-json\/wp\/v2\/posts\/8001\/revisions"}],"predecessor-version":[{"id":8004,"href":"https:\/\/diariodocomercio.com.br\/geral\/wp-json\/wp\/v2\/posts\/8001\/revisions\/8004"}],"wp:featuredmedia":[{"embeddable":true,"href":"https:\/\/diariodocomercio.com.br\/geral\/wp-json\/wp\/v2\/media\/8002"}],"wp:attachment":[{"href":"https:\/\/diariodocomercio.com.br\/geral\/wp-json\/wp\/v2\/media?parent=8001"}],"wp:term":[{"taxonomy":"category","embeddable":true,"href":"https:\/\/diariodocomercio.com.br\/geral\/wp-json\/wp\/v2\/categories?post=8001"},{"taxonomy":"post_tag","embeddable":true,"href":"https:\/\/diariodocomercio.com.br\/geral\/wp-json\/wp\/v2\/tags?post=8001"}],"curies":[{"name":"wp","href":"https:\/\/api.w.org\/{rel}","templated":true}]}}