{"id":8018,"date":"2026-08-31T13:00:00","date_gmt":"2026-08-31T16:00:00","guid":{"rendered":"https:\/\/diariodocomercio.com.br\/geral\/?p=8018"},"modified":"2026-08-31T12:14:44","modified_gmt":"2026-08-31T15:14:44","slug":"taxis-de-bh-embarque-passageiros-aeroporto-de-confins","status":"publish","type":"post","link":"https:\/\/diariodocomercio.com.br\/geral\/taxis-de-bh-embarque-passageiros-aeroporto-de-confins\/","title":{"rendered":"Ap\u00f3s 20 anos, t\u00e1xis de BH s\u00e3o autorizados a realizar viagens no Aeroporto de Confins"},"content":{"rendered":"\n<p class=\"wp-block-paragraph\">Os t\u00e1xis de BH voltaram a ser autorizados a embarcar passageiros no Aeroporto Internacional de Belo Horizonte, em Confins. A permiss\u00e3o, de car\u00e1ter experimental, foi estabelecida por portaria da <a href=\"https:\/\/www.confins.mg.gov.br\/\" target=\"_blank\" rel=\"noopener\">Prefeitura de Confins<\/a> e ocorre enquanto os munic\u00edpios negociam um acordo definitivo para regulamentar a circula\u00e7\u00e3o dos ve\u00edculos entre as duas cidades.<\/p>\n\n\n\n<p class=\"wp-block-paragraph\">H\u00e1 cerca de duas d\u00e9cadas, os taxistas de Belo Horizonte podiam levar passageiros at\u00e9 o aeroporto, mas n\u00e3o retornar \u00e0 capital com clientes embarcados no terminal. A possibilidade de voltar a atender passageiros no local era uma reivindica\u00e7\u00e3o antiga da categoria.<\/p>\n\n\n\n<h2 class=\"wp-block-heading\"><strong>Como vai funcionar a fase experimental para t\u00e1xis de BH em Confins<\/strong><\/h2>\n\n\n\n<p class=\"wp-block-paragraph\">Pela nova regra, os t\u00e1xis de BH poder\u00e3o buscar passageiros exclusivamente no Terminal 3 do aeroporto. O embarque e a capta\u00e7\u00e3o de clientes continuam proibidos nos terminais 1 e 2. O desembarque de passageiros, no entanto, segue autorizado em todos os terminais.<\/p>\n\n\n\n<p class=\"wp-block-paragraph\">A autoriza\u00e7\u00e3o tamb\u00e9m contempla os taxistas de Lagoa Santa e permite que os ve\u00edculos utilizem as faixas e pistas exclusivas destinadas ao transporte coletivo na \u00e1rea do aeroporto.<\/p>\n\n\n\n<h2 class=\"wp-block-heading\"><strong>O contexto da negocia\u00e7\u00e3o entre os munic\u00edpios<\/strong><\/h2>\n\n\n\n<p class=\"wp-block-paragraph\">A discuss\u00e3o ganhou for\u00e7a ap\u00f3s uma regulamenta\u00e7\u00e3o conjunta da Superintend\u00eancia de Mobilidade de BH (Sumob) e da BHTrans, publicada em junho, restringir o acesso aos corredores exclusivos do Move a t\u00e1xis de munic\u00edpios com acordo de integra\u00e7\u00e3o com a capital. A lista atual inclui Contagem, Ibirit\u00e9, Ribeir\u00e3o das Neves, Sabar\u00e1 e Esmeraldas.<\/p>\n\n\n\n<p class=\"wp-block-paragraph\">De l\u00e1 para c\u00e1, houveram algumas tratativas relacionadas ao conv\u00eanio entre os munic\u00edpios de Belo Horizonte e Confins, o que envolveu, inclusive, uma <a href=\"https:\/\/cmbhweb.cmbh.mg.gov.br\/comunica%C3%A7%C3%A3o\/not%C3%ADcias\/2026\/08\/mudan%C3%A7a-na-circula%C3%A7%C3%A3o-de-t%C3%A1xis-em-faixas-exclusivas-em-pauta-na-segunda\" target=\"_blank\" rel=\"noopener\">audi\u00eancia p\u00fablica<\/a> na segunda passada (24\/08).<\/p>\n\n\n\n<p class=\"wp-block-paragraph\">Confins busca agora integrar esse grupo, permitindo que seus taxistas utilizem as pistas exclusivas na capital. A minuta de um poss\u00edvel acordo ainda n\u00e3o foi oficialmente assinada.<\/p>\n","protected":false},"excerpt":{"rendered":"<p>Os t\u00e1xis de BH voltaram a ser autorizados a embarcar passageiros no Aeroporto Internacional de Belo Horizonte, em Confins. A permiss\u00e3o, de car\u00e1ter experimental, foi estabelecida por portaria da Prefeitura de Confins e ocorre enquanto os munic\u00edpios negociam um acordo definitivo para regulamentar a circula\u00e7\u00e3o dos ve\u00edculos entre as duas cidades. H\u00e1 cerca de duas [&hellip;]<\/p>\n","protected":false},"author":3,"featured_media":6528,"comment_status":"closed","ping_status":"open","sticky":false,"template":"","format":"standard","meta":{"_acf_changed":false,"footnotes":""},"categories":[1,13],"tags":[],"class_list":["post-8018","post","type-post","status-publish","format-standard","has-post-thumbnail","hentry","category-geral","category-regional"],"acf":{"subtitulo":"Permiss\u00e3o experimental foi estabelecida por portaria da Prefeitura de Confins e permite embarque de passageiros exclusivamente no Terminal 3","oculta_home":false,"leitura_rapida":""},"_links":{"self":[{"href":"https:\/\/diariodocomercio.com.br\/geral\/wp-json\/wp\/v2\/posts\/8018","targetHints":{"allow":["GET"]}}],"collection":[{"href":"https:\/\/diariodocomercio.com.br\/geral\/wp-json\/wp\/v2\/posts"}],"about":[{"href":"https:\/\/diariodocomercio.com.br\/geral\/wp-json\/wp\/v2\/types\/post"}],"author":[{"embeddable":true,"href":"https:\/\/diariodocomercio.com.br\/geral\/wp-json\/wp\/v2\/users\/3"}],"replies":[{"embeddable":true,"href":"https:\/\/diariodocomercio.com.br\/geral\/wp-json\/wp\/v2\/comments?post=8018"}],"version-history":[{"count":1,"href":"https:\/\/diariodocomercio.com.br\/geral\/wp-json\/wp\/v2\/posts\/8018\/revisions"}],"predecessor-version":[{"id":8020,"href":"https:\/\/diariodocomercio.com.br\/geral\/wp-json\/wp\/v2\/posts\/8018\/revisions\/8020"}],"wp:featuredmedia":[{"embeddable":true,"href":"https:\/\/diariodocomercio.com.br\/geral\/wp-json\/wp\/v2\/media\/6528"}],"wp:attachment":[{"href":"https:\/\/diariodocomercio.com.br\/geral\/wp-json\/wp\/v2\/media?parent=8018"}],"wp:term":[{"taxonomy":"category","embeddable":true,"href":"https:\/\/diariodocomercio.com.br\/geral\/wp-json\/wp\/v2\/categories?post=8018"},{"taxonomy":"post_tag","embeddable":true,"href":"https:\/\/diariodocomercio.com.br\/geral\/wp-json\/wp\/v2\/tags?post=8018"}],"curies":[{"name":"wp","href":"https:\/\/api.w.org\/{rel}","templated":true}]}}