{"id":8019,"date":"2026-08-31T13:30:00","date_gmt":"2026-08-31T16:30:00","guid":{"rendered":"https:\/\/diariodocomercio.com.br\/geral\/?p=8019"},"modified":"2026-08-31T12:30:32","modified_gmt":"2026-08-31T15:30:32","slug":"vacinacao-antirrabica","status":"publish","type":"post","link":"https:\/\/diariodocomercio.com.br\/geral\/vacinacao-antirrabica\/","title":{"rendered":"Vacina\u00e7\u00e3o antirr\u00e1bica come\u00e7a na zona rural de Arax\u00e1"},"content":{"rendered":"\n<p class=\"wp-block-paragraph\">A campanha de vacina\u00e7\u00e3o antirr\u00e1bica na zona rural de Arax\u00e1 come\u00e7ou nesta segunda-feira, 31 de agosto, com quatro equipes da <a href=\"http:\/\/vigilancia.saude.mg.gov.br\/index.php\/vigilancia-em-saude-ambiental\/\" target=\"_blank\" rel=\"noreferrer noopener\">Vigil\u00e2ncia Ambiental da Secretaria Municipal de Sa\u00fade<\/a> percorrendo diferentes regi\u00f5es do munic\u00edpio. A a\u00e7\u00e3o acontece diretamente nas propriedades rurais e segue at\u00e9 25 de setembro, quando est\u00e1 prevista a conclus\u00e3o dessa etapa.<\/p>\n\n\n\n<p class=\"wp-block-paragraph\">Nos primeiros dias, as equipes passam por regi\u00f5es como Miguelinho, Barra do Entrecosto, Fazenda Morro Alto e C\u00f3rrego Fundo. O roteiro \u00e9 atualizado diariamente conforme o andamento dos trabalhos, e a orienta\u00e7\u00e3o \u00e9 que os moradores acompanhem a divulga\u00e7\u00e3o das localidades atendidas a cada dia para n\u00e3o perder a passagem das equipes por sua regi\u00e3o.<\/p>\n\n\n\n<p class=\"wp-block-paragraph\">Durante a passagem das equipes pelas propriedades, os tutores n\u00e3o precisam apresentar nenhum documento para vacinar seus animais. O cart\u00e3o de vacina\u00e7\u00e3o \u00e9 preenchido e entregue no pr\u00f3prio momento da aplica\u00e7\u00e3o. <\/p>\n\n\n\n<p class=\"wp-block-paragraph\">A recomenda\u00e7\u00e3o \u00e9 que o respons\u00e1vel pelo animal facilite a entrada nas fazendas, mantendo as porteiras abertas para o acesso dos profissionais, al\u00e9m de acompanhar o procedimento e fazer a conten\u00e7\u00e3o do c\u00e3o ou gato durante a aplica\u00e7\u00e3o da dose.<\/p>\n\n\n\n<p class=\"wp-block-paragraph\">Essa conten\u00e7\u00e3o feita pelo pr\u00f3prio tutor ajuda a evitar que o vacinador precise segurar o animal sozinho, reduzindo o risco de acidentes durante a aplica\u00e7\u00e3o. A orienta\u00e7\u00e3o vale tanto para c\u00e3es quanto para gatos, principais alvos da campanha na zona rural.<\/p>\n\n\n\n<h2 class=\"wp-block-heading\">Por que a vacina\u00e7\u00e3o antirr\u00e1bica \u00e9 importante<\/h2>\n\n\n\n<p class=\"wp-block-paragraph\">A raiva \u00e9 uma zoonose que afeta mam\u00edferos e pode ser transmitida \u00e0s pessoas principalmente pela saliva de animais infectados, por meio de mordidas, arranhaduras ou lambeduras. A doen\u00e7a tem letalidade pr\u00f3xima de 100% depois do in\u00edcio dos sintomas, o que torna a preven\u00e7\u00e3o a \u00fanica estrat\u00e9gia realmente eficaz contra ela.<\/p>\n\n\n\n<p class=\"wp-block-paragraph\">No ambiente rural, o risco fica ainda mais evidente, j\u00e1 que c\u00e3es e gatos podem ter contato com morcegos e outros animais silvestres, criando uma poss\u00edvel ponte entre o ciclo selvagem da doen\u00e7a e as pessoas. <\/p>\n\n\n\n<p class=\"wp-block-paragraph\">Entre 2010 e 2026, o Brasil registrou 54 casos de raiva humana, a maior parte deles ligada \u00e0 transmiss\u00e3o por morcegos. O pa\u00eds n\u00e3o registra casos de raiva humana transmitida por c\u00e3es desde 2015, resultado atribu\u00eddo em boa parte \u00e0s campanhas cont\u00ednuas de vacina\u00e7\u00e3o antirr\u00e1bica realizadas em todo o territ\u00f3rio nacional.<\/p>\n\n\n\n<h2 class=\"wp-block-heading\">Vacina\u00e7\u00e3o antirr\u00e1bica segue calend\u00e1rio em outras cidades de MG<\/h2>\n\n\n\n<p class=\"wp-block-paragraph\">Arax\u00e1 n\u00e3o est\u00e1 sozinha nesse movimento. Diversos munic\u00edpios mineiros tamb\u00e9m deram in\u00edcio, ao longo de agosto e in\u00edcio de setembro, \u00e0 39\u00aa Campanha Nacional de Vacina\u00e7\u00e3o Antirr\u00e1bica Animal 2026. <\/p>\n\n\n\n<p class=\"wp-block-paragraph\">Em Uberl\u00e2ndia, a etapa rural j\u00e1 imunizou mais de 15 mil animais, superando a meta inicial estabelecida pela Secretaria de Sa\u00fade. A cidade tamb\u00e9m registrou, neste ano, oito casos positivos de raiva em morcegos, refor\u00e7ando a import\u00e2ncia de manter os animais dom\u00e9sticos vacinados.<\/p>\n\n\n\n<p class=\"wp-block-paragraph\">Outros munic\u00edpios, como Po\u00e7os de Caldas, Patos de Minas e Botumirim, tamb\u00e9m organizaram cronogramas espec\u00edficos para a zona rural neste per\u00edodo, geralmente com in\u00edcio nas propriedades mais afastadas antes de avan\u00e7ar para os bairros urbanos. <\/p>\n\n\n\n<p class=\"wp-block-paragraph\">O modelo se repete porque as \u00e1reas rurais concentram maior contato entre animais dom\u00e9sticos e a fauna silvestre, principal fonte de transmiss\u00e3o do v\u00edrus atualmente no pa\u00eds.<\/p>\n","protected":false},"excerpt":{"rendered":"<p>A campanha de vacina\u00e7\u00e3o antirr\u00e1bica na zona rural de Arax\u00e1 come\u00e7ou nesta segunda-feira, 31 de agosto, com quatro equipes da Vigil\u00e2ncia Ambiental da Secretaria Municipal de Sa\u00fade percorrendo diferentes regi\u00f5es do munic\u00edpio. A a\u00e7\u00e3o acontece diretamente nas propriedades rurais e segue at\u00e9 25 de setembro, quando est\u00e1 prevista a conclus\u00e3o dessa etapa. Nos primeiros dias, [&hellip;]<\/p>\n","protected":false},"author":5,"featured_media":8022,"comment_status":"closed","ping_status":"open","sticky":false,"template":"","format":"standard","meta":{"_acf_changed":false,"footnotes":""},"categories":[1],"tags":[],"class_list":["post-8019","post","type-post","status-publish","format-standard","has-post-thumbnail","hentry","category-geral"],"acf":{"subtitulo":"Quatro equipes percorrem fazendas do munic\u00edpio at\u00e9 25 de setembro.","oculta_home":false,"leitura_rapida":""},"_links":{"self":[{"href":"https:\/\/diariodocomercio.com.br\/geral\/wp-json\/wp\/v2\/posts\/8019","targetHints":{"allow":["GET"]}}],"collection":[{"href":"https:\/\/diariodocomercio.com.br\/geral\/wp-json\/wp\/v2\/posts"}],"about":[{"href":"https:\/\/diariodocomercio.com.br\/geral\/wp-json\/wp\/v2\/types\/post"}],"author":[{"embeddable":true,"href":"https:\/\/diariodocomercio.com.br\/geral\/wp-json\/wp\/v2\/users\/5"}],"replies":[{"embeddable":true,"href":"https:\/\/diariodocomercio.com.br\/geral\/wp-json\/wp\/v2\/comments?post=8019"}],"version-history":[{"count":3,"href":"https:\/\/diariodocomercio.com.br\/geral\/wp-json\/wp\/v2\/posts\/8019\/revisions"}],"predecessor-version":[{"id":8024,"href":"https:\/\/diariodocomercio.com.br\/geral\/wp-json\/wp\/v2\/posts\/8019\/revisions\/8024"}],"wp:featuredmedia":[{"embeddable":true,"href":"https:\/\/diariodocomercio.com.br\/geral\/wp-json\/wp\/v2\/media\/8022"}],"wp:attachment":[{"href":"https:\/\/diariodocomercio.com.br\/geral\/wp-json\/wp\/v2\/media?parent=8019"}],"wp:term":[{"taxonomy":"category","embeddable":true,"href":"https:\/\/diariodocomercio.com.br\/geral\/wp-json\/wp\/v2\/categories?post=8019"},{"taxonomy":"post_tag","embeddable":true,"href":"https:\/\/diariodocomercio.com.br\/geral\/wp-json\/wp\/v2\/tags?post=8019"}],"curies":[{"name":"wp","href":"https:\/\/api.w.org\/{rel}","templated":true}]}}