{"id":8025,"date":"2026-08-31T13:45:00","date_gmt":"2026-08-31T16:45:00","guid":{"rendered":"https:\/\/diariodocomercio.com.br\/geral\/?p=8025"},"modified":"2026-08-31T12:49:32","modified_gmt":"2026-08-31T15:49:32","slug":"horarios-de-onibus-em-juiz-de-fora","status":"publish","type":"post","link":"https:\/\/diariodocomercio.com.br\/geral\/horarios-de-onibus-em-juiz-de-fora\/","title":{"rendered":"Juiz de Fora muda quadro de hor\u00e1rios de \u00f4nibus em 10 bairros; veja as linhas"},"content":{"rendered":"\n<p class=\"wp-block-paragraph\">Dezesseis linhas de \u00f4nibus em Juiz de Fora mudam os hor\u00e1rios a partir de quarta-feira (2). As altera\u00e7\u00f5es afetam dez bairros: Centen\u00e1rio, Santa Efig\u00eania, Progresso, Santa Paula, Borborema, S\u00e3o Benedito, Parque das Torres, Santa L\u00facia, Nova Benfica e Toledos.<\/p>\n\n\n\n<p class=\"wp-block-paragraph\">A <a href=\"https:\/\/www.pjf.mg.gov.br\/\" target=\"_blank\" rel=\"noopener\">Prefeitura de Juiz de Fora<\/a> divulgou as mudan\u00e7as e informou que, no acumulado de 2026, j\u00e1 foram revisadas 90 linhas. O objetivo \u00e9 corrigir falhas de pontualidade nas rotas.<\/p>\n\n\n\n<h2 class=\"wp-block-heading\"><strong>Veja quais linhas de \u00f4nibus em Juiz de Fora mudam&nbsp;<\/strong><\/h2>\n\n\n\n<p class=\"wp-block-paragraph\">Nove linhas passam a operar com novos hor\u00e1rios em dias \u00fateis, s\u00e1bados, domingos e feriados: 145 (Centen\u00e1rio\/Santa Efig\u00eania), 201, 202, 208 e 239 (Progresso), 205 e 210 (Santa Paula), 206 (Borborema) e 259 (Santa Paula\/Av. Rio Branco). A linha 743 (Toledos) tamb\u00e9m tem ajuste, mas apenas para dias \u00fateis, s\u00e1bados e domingos.<\/p>\n\n\n\n<p class=\"wp-block-paragraph\">Outras seis linhas mudam s\u00f3 nos dias \u00fateis: 204 (Santa Paula), 432 (S\u00e3o Benedito), 705 (Parque das Torres), 720 e 730 (Santa L\u00facia) e 736 (Nova Benfica).&nbsp;<\/p>\n\n\n\n<p class=\"wp-block-paragraph\">Passageiros que quiserem sinalizar problemas ou propor mudan\u00e7as nas tabelas podem entrar em contato pelo (32) 3690-7241, via chamada ou mensagem.<\/p>\n","protected":false},"excerpt":{"rendered":"<p>Dezesseis linhas de \u00f4nibus em Juiz de Fora mudam os hor\u00e1rios a partir de quarta-feira (2). As altera\u00e7\u00f5es afetam dez bairros: Centen\u00e1rio, Santa Efig\u00eania, Progresso, Santa Paula, Borborema, S\u00e3o Benedito, Parque das Torres, Santa L\u00facia, Nova Benfica e Toledos. A Prefeitura de Juiz de Fora divulgou as mudan\u00e7as e informou que, no acumulado de 2026, [&hellip;]<\/p>\n","protected":false},"author":4,"featured_media":8029,"comment_status":"closed","ping_status":"open","sticky":false,"template":"","format":"standard","meta":{"_acf_changed":false,"footnotes":""},"categories":[11],"tags":[],"class_list":["post-8025","post","type-post","status-publish","format-standard","has-post-thumbnail","hentry","category-cidades"],"acf":{"subtitulo":"16 linhas de \u00f4nibus em Juiz de Fora t\u00eam tabelas revisadas, somando 90 rotas alteradas em 2026","oculta_home":false,"leitura_rapida":""},"_links":{"self":[{"href":"https:\/\/diariodocomercio.com.br\/geral\/wp-json\/wp\/v2\/posts\/8025","targetHints":{"allow":["GET"]}}],"collection":[{"href":"https:\/\/diariodocomercio.com.br\/geral\/wp-json\/wp\/v2\/posts"}],"about":[{"href":"https:\/\/diariodocomercio.com.br\/geral\/wp-json\/wp\/v2\/types\/post"}],"author":[{"embeddable":true,"href":"https:\/\/diariodocomercio.com.br\/geral\/wp-json\/wp\/v2\/users\/4"}],"replies":[{"embeddable":true,"href":"https:\/\/diariodocomercio.com.br\/geral\/wp-json\/wp\/v2\/comments?post=8025"}],"version-history":[{"count":3,"href":"https:\/\/diariodocomercio.com.br\/geral\/wp-json\/wp\/v2\/posts\/8025\/revisions"}],"predecessor-version":[{"id":8028,"href":"https:\/\/diariodocomercio.com.br\/geral\/wp-json\/wp\/v2\/posts\/8025\/revisions\/8028"}],"wp:featuredmedia":[{"embeddable":true,"href":"https:\/\/diariodocomercio.com.br\/geral\/wp-json\/wp\/v2\/media\/8029"}],"wp:attachment":[{"href":"https:\/\/diariodocomercio.com.br\/geral\/wp-json\/wp\/v2\/media?parent=8025"}],"wp:term":[{"taxonomy":"category","embeddable":true,"href":"https:\/\/diariodocomercio.com.br\/geral\/wp-json\/wp\/v2\/categories?post=8025"},{"taxonomy":"post_tag","embeddable":true,"href":"https:\/\/diariodocomercio.com.br\/geral\/wp-json\/wp\/v2\/tags?post=8025"}],"curies":[{"name":"wp","href":"https:\/\/api.w.org\/{rel}","templated":true}]}}