{"id":8030,"date":"2026-08-31T14:00:00","date_gmt":"2026-08-31T17:00:00","guid":{"rendered":"https:\/\/diariodocomercio.com.br\/geral\/?p=8030"},"modified":"2026-08-31T13:41:54","modified_gmt":"2026-08-31T16:41:54","slug":"governador-valadares-em-calamidade","status":"publish","type":"post","link":"https:\/\/diariodocomercio.com.br\/geral\/governador-valadares-em-calamidade\/","title":{"rendered":"Prefeitura de Governador Valadares declara estado de calamidade financeira; entenda"},"content":{"rendered":"\n<p class=\"wp-block-paragraph\">O prefeito de Governador Valadares, Sandro L\u00facio Fonseca, declarou estado de calamidade financeira no munic\u00edpio. O decreto, assinado no dia 27 de agosto e publicado no Di\u00e1rio Oficial na sexta-feira (28), congela os sal\u00e1rios do Executivo e corta gastos n\u00e3o essenciais por 180 dias para evitar a paralisa\u00e7\u00e3o de servi\u00e7os p\u00fablicos b\u00e1sicos.<\/p>\n\n\n\n<p class=\"wp-block-paragraph\">O motivo apontado pela <a href=\"https:\/\/www.governadorvaladares.mg.gov.br\" target=\"_blank\" rel=\"noopener\">Prefeitura de Governador Valadares<\/a> \u00e9 o desequil\u00edbrio nas finan\u00e7as do munic\u00edpio.<\/p>\n\n\n\n<h2 class=\"wp-block-heading\"><strong>O que muda para servidores e para o or\u00e7amento de Governador Valadares<\/strong><\/h2>\n\n\n\n<p class=\"wp-block-paragraph\">Os sal\u00e1rios dos servidores do Executivo ficam congelados enquanto o decreto vigorar. Nenhum cargo novo pode ser aberto, nenhum b\u00f4nus pode ser criado ou ampliado e nenhuma mudan\u00e7a na estrutura de carreiras que gere custo adicional ser\u00e1 permitida. Concursos p\u00fablicos que aumentem as despesas tamb\u00e9m est\u00e3o proibidos. A \u00fanica exce\u00e7\u00e3o \u00e9 a contrata\u00e7\u00e3o emergencial quando a falta de um servidor colocar a popula\u00e7\u00e3o em risco direto.<\/p>\n\n\n\n<p class=\"wp-block-paragraph\">Os gastos considerados n\u00e3o essenciais saem do or\u00e7amento. Festas e eventos, compra de ve\u00edculos, m\u00f3veis e equipamentos dispens\u00e1veis, al\u00e9m de cursos pagos pela prefeitura, ficam suspensos.&nbsp;<\/p>\n\n\n\n<p class=\"wp-block-paragraph\">O dinheiro dispon\u00edvel passa a ser direcionado com prioridade para sa\u00fade, educa\u00e7\u00e3o, assist\u00eancia social, limpeza urbana, ilumina\u00e7\u00e3o p\u00fablica, saneamento e defesa civil. Servi\u00e7os cuja paralisa\u00e7\u00e3o coloque vidas em risco tamb\u00e9m ficam no topo da lista.<\/p>\n\n\n\n<h2 class=\"wp-block-heading\"><strong>Fazenda tem 30 dias para criar plano de receitas<\/strong><\/h2>\n\n\n\n<p class=\"wp-block-paragraph\">Todos os contratos e acordos que envolvam dinheiro p\u00fablico ser\u00e3o revisados individualmente durante 180 dias. A an\u00e1lise inclui os \u00f3rg\u00e3os da prefeitura e as entidades a ela vinculadas. O decreto deixa claro que essa revis\u00e3o, por si s\u00f3, n\u00e3o cancela nenhum contrato.<\/p>\n\n\n\n<p class=\"wp-block-paragraph\">A Secretaria da Fazenda tem 30 dias para apresentar um plano de recupera\u00e7\u00e3o financeira. O documento deve indicar como o munic\u00edpio vai cobrar d\u00edvidas tribut\u00e1rias em atraso, combater a sonega\u00e7\u00e3o e revisar isen\u00e7\u00f5es fiscais concedidas. A contrata\u00e7\u00e3o de servi\u00e7os para aumentar a arrecada\u00e7\u00e3o \u00e9 permitida, desde que o retorno esperado justifique o gasto.<\/p>\n\n\n\n<p class=\"wp-block-paragraph\">Um grupo formado por representantes da Fazenda, Administra\u00e7\u00e3o, Planejamento, Procuradoria e Controladoria vai acompanhar os resultados m\u00eas a m\u00eas. Se os cortes ficarem abaixo do esperado, o grupo tem poder de propor novas medidas.<\/p>\n","protected":false},"excerpt":{"rendered":"<p>O prefeito de Governador Valadares, Sandro L\u00facio Fonseca, declarou estado de calamidade financeira no munic\u00edpio. O decreto, assinado no dia 27 de agosto e publicado no Di\u00e1rio Oficial na sexta-feira (28), congela os sal\u00e1rios do Executivo e corta gastos n\u00e3o essenciais por 180 dias para evitar a paralisa\u00e7\u00e3o de servi\u00e7os p\u00fablicos b\u00e1sicos. O motivo apontado [&hellip;]<\/p>\n","protected":false},"author":4,"featured_media":8032,"comment_status":"closed","ping_status":"open","sticky":false,"template":"","format":"standard","meta":{"_acf_changed":false,"footnotes":""},"categories":[9,11],"tags":[],"class_list":["post-8030","post","type-post","status-publish","format-standard","has-post-thumbnail","hentry","category-economia","category-cidades"],"acf":{"subtitulo":"Decreto v\u00e1lido por 180 dias congela sal\u00e1rios e pro\u00edbe concursos enquanto a Fazenda tem 30 dias para apresentar plano de recupera\u00e7\u00e3o financeira","oculta_home":false,"leitura_rapida":""},"_links":{"self":[{"href":"https:\/\/diariodocomercio.com.br\/geral\/wp-json\/wp\/v2\/posts\/8030","targetHints":{"allow":["GET"]}}],"collection":[{"href":"https:\/\/diariodocomercio.com.br\/geral\/wp-json\/wp\/v2\/posts"}],"about":[{"href":"https:\/\/diariodocomercio.com.br\/geral\/wp-json\/wp\/v2\/types\/post"}],"author":[{"embeddable":true,"href":"https:\/\/diariodocomercio.com.br\/geral\/wp-json\/wp\/v2\/users\/4"}],"replies":[{"embeddable":true,"href":"https:\/\/diariodocomercio.com.br\/geral\/wp-json\/wp\/v2\/comments?post=8030"}],"version-history":[{"count":4,"href":"https:\/\/diariodocomercio.com.br\/geral\/wp-json\/wp\/v2\/posts\/8030\/revisions"}],"predecessor-version":[{"id":8037,"href":"https:\/\/diariodocomercio.com.br\/geral\/wp-json\/wp\/v2\/posts\/8030\/revisions\/8037"}],"wp:featuredmedia":[{"embeddable":true,"href":"https:\/\/diariodocomercio.com.br\/geral\/wp-json\/wp\/v2\/media\/8032"}],"wp:attachment":[{"href":"https:\/\/diariodocomercio.com.br\/geral\/wp-json\/wp\/v2\/media?parent=8030"}],"wp:term":[{"taxonomy":"category","embeddable":true,"href":"https:\/\/diariodocomercio.com.br\/geral\/wp-json\/wp\/v2\/categories?post=8030"},{"taxonomy":"post_tag","embeddable":true,"href":"https:\/\/diariodocomercio.com.br\/geral\/wp-json\/wp\/v2\/tags?post=8030"}],"curies":[{"name":"wp","href":"https:\/\/api.w.org\/{rel}","templated":true}]}}