{"id":8034,"date":"2026-08-31T14:30:00","date_gmt":"2026-08-31T17:30:00","guid":{"rendered":"https:\/\/diariodocomercio.com.br\/geral\/?p=8034"},"modified":"2026-08-31T13:51:28","modified_gmt":"2026-08-31T16:51:28","slug":"vacinas-de-rna","status":"publish","type":"post","link":"https:\/\/diariodocomercio.com.br\/geral\/vacinas-de-rna\/","title":{"rendered":"UFMG cria centro para vacinas de RNA contra mal\u00e1ria e c\u00e2ncer"},"content":{"rendered":"\n<p class=\"wp-block-paragraph\">A Universidade Federal de Minas Gerais (<a href=\"https:\/\/www.ufmg.br\/\" target=\"_blank\" rel=\"noreferrer noopener\">UFMG<\/a>) oficializou a cria\u00e7\u00e3o do Centro de Compet\u00eancia em Terapias e Vacinas de RNA, com investimento de R$ 60 milh\u00f5es para os pr\u00f3ximos quatro anos. O objetivo do centro \u00e9 desenvolver solu\u00e7\u00f5es brasileiras de vacinas de RNA voltadas ao combate \u00e0 mal\u00e1ria e ao c\u00e2ncer, al\u00e9m de aproximar a pesquisa acad\u00eamica do setor produtivo.<\/p>\n\n\n\n<p class=\"wp-block-paragraph\">O termo que cria o centro foi assinado nesta segunda-feira (31\/8), em cerim\u00f4nia realizada no BH-TEC, parque tecnol\u00f3gico da UFMG em Belo Horizonte, em parceria com a Empresa Brasileira de Pesquisa e Inova\u00e7\u00e3o Industrial (Embrapii). O novo espa\u00e7o j\u00e1 trabalha nos primeiros projetos, e a previs\u00e3o \u00e9 que as obras da estrutura f\u00edsica sejam conclu\u00eddas no segundo semestre de 2027.<\/p>\n\n\n\n<h2 class=\"wp-block-heading\"><strong>Como funcionam as vacinas de RNA<\/strong><\/h2>\n\n\n\n<p class=\"wp-block-paragraph\">As vacinas de RNA usam uma mol\u00e9cula que funciona como uma esp\u00e9cie de instru\u00e7\u00e3o para as pr\u00f3prias c\u00e9lulas do corpo. Ao receber essa instru\u00e7\u00e3o, as c\u00e9lulas passam a produzir prote\u00ednas espec\u00edficas ou desencadear respostas do sistema imunol\u00f3gico capazes de combater doen\u00e7as, sem depender de v\u00edrus ou bact\u00e9rias enfraquecidos, como acontece em vacinas mais tradicionais.<\/p>\n\n\n\n<p class=\"wp-block-paragraph\">Essa tecnologia ganhou notoriedade mundial durante a pandemia de Covid-19, com os imunizantes de RNA mensageiro desenvolvidos por empresas como Pfizer e Moderna. <\/p>\n\n\n\n<p class=\"wp-block-paragraph\">O potencial da plataforma, por\u00e9m, vai muito al\u00e9m de doen\u00e7as infecciosas: j\u00e1 existem terapias de RNA aprovadas para redu\u00e7\u00e3o dos n\u00edveis de colesterol, tanto pela Ag\u00eancia Nacional de Vigil\u00e2ncia Sanit\u00e1ria (Anvisa) quanto por \u00f3rg\u00e3os reguladores de outros pa\u00edses.<\/p>\n\n\n\n<h2 class=\"wp-block-heading\"><strong>Vacina brasileira contra a mal\u00e1ria \u00e9 uma das apostas<\/strong><\/h2>\n\n\n\n<p class=\"wp-block-paragraph\">Um dos primeiros projetos do novo centro \u00e9 o desenvolvimento de uma vacina de RNA contra a mal\u00e1ria, doen\u00e7a que segue como problema relevante de sa\u00fade p\u00fablica, principalmente na regi\u00e3o amaz\u00f4nica. <\/p>\n\n\n\n<p class=\"wp-block-paragraph\">Em 2025, o Brasil registrou 118.037 casos de mal\u00e1ria transmitidos dentro do territ\u00f3rio nacional, o menor n\u00famero em 47 anos, com queda de 15% em rela\u00e7\u00e3o ao ano anterior, e 39 mortes provocadas pela doen\u00e7a.<\/p>\n\n\n\n<p class=\"wp-block-paragraph\">O interesse em uma vacina desenvolvida no Brasil se justifica porque a mal\u00e1ria predominante no pa\u00eds tem caracter\u00edsticas diferentes das encontradas em outras regi\u00f5es do mundo. <\/p>\n\n\n\n<p class=\"wp-block-paragraph\">No Brasil, o parasita Plasmodium vivax responde por mais de 80% dos casos, enquanto as vacinas j\u00e1 dispon\u00edveis internacionalmente, usadas principalmente em pa\u00edses africanos, foram desenvolvidas com foco em outra esp\u00e9cie do parasita, mais comum naquele continente. <\/p>\n\n\n\n<p class=\"wp-block-paragraph\">Por isso, a expectativa \u00e9 que os estudos avancem nos pr\u00f3ximos anos, com previs\u00e3o de in\u00edcio dos primeiros testes de efic\u00e1cia em cerca de dois a tr\u00eas anos.<\/p>\n\n\n\n<h2 class=\"wp-block-heading\"><strong>RNA tamb\u00e9m mira o c\u00e2ncer<\/strong><\/h2>\n\n\n\n<p class=\"wp-block-paragraph\">Outra frente considerada promissora pelo novo centro \u00e9 o uso da tecnologia de RNA no tratamento do c\u00e2ncer. Nesse caso, a estrat\u00e9gia \u00e9 diferente de uma vacina preventiva tradicional: a proposta \u00e9 usar informa\u00e7\u00f5es espec\u00edficas do pr\u00f3prio tumor de cada paciente para estimular o sistema imunol\u00f3gico a reconhecer e atacar as c\u00e9lulas cancer\u00edgenas.<\/p>\n\n\n\n<p class=\"wp-block-paragraph\">Estudos cl\u00ednicos recentes com vacinas de RNA contra o melanoma, tipo de c\u00e2ncer de pele, j\u00e1 mostram resultados considerados animadores nessa linha de pesquisa. <\/p>\n\n\n\n<p class=\"wp-block-paragraph\">Como o c\u00e2ncer re\u00fane diferentes tipos de tumores, alguns devem responder mais rapidamente \u00e0 tecnologia, enquanto outros ainda exigem novos estudos. A estimativa \u00e9 que vacinas voltadas a diferentes tipos de c\u00e2ncer possam avan\u00e7ar ao longo dos pr\u00f3ximos cinco a dez anos.<\/p>\n","protected":false},"excerpt":{"rendered":"<p>A Universidade Federal de Minas Gerais (UFMG) oficializou a cria\u00e7\u00e3o do Centro de Compet\u00eancia em Terapias e Vacinas de RNA, com investimento de R$ 60 milh\u00f5es para os pr\u00f3ximos quatro anos. O objetivo do centro \u00e9 desenvolver solu\u00e7\u00f5es brasileiras de vacinas de RNA voltadas ao combate \u00e0 mal\u00e1ria e ao c\u00e2ncer, al\u00e9m de aproximar a [&hellip;]<\/p>\n","protected":false},"author":5,"featured_media":8039,"comment_status":"closed","ping_status":"open","sticky":false,"template":"","format":"standard","meta":{"_acf_changed":false,"footnotes":""},"categories":[1],"tags":[],"class_list":["post-8034","post","type-post","status-publish","format-standard","has-post-thumbnail","hentry","category-geral"],"acf":{"subtitulo":"Novo Centro de Compet\u00eancia em Terapias e Vacinas de RNA recebe R$ 60 milh\u00f5es em quatro anos e quer aproximar universidade e ind\u00fastria.","oculta_home":false,"leitura_rapida":""},"_links":{"self":[{"href":"https:\/\/diariodocomercio.com.br\/geral\/wp-json\/wp\/v2\/posts\/8034","targetHints":{"allow":["GET"]}}],"collection":[{"href":"https:\/\/diariodocomercio.com.br\/geral\/wp-json\/wp\/v2\/posts"}],"about":[{"href":"https:\/\/diariodocomercio.com.br\/geral\/wp-json\/wp\/v2\/types\/post"}],"author":[{"embeddable":true,"href":"https:\/\/diariodocomercio.com.br\/geral\/wp-json\/wp\/v2\/users\/5"}],"replies":[{"embeddable":true,"href":"https:\/\/diariodocomercio.com.br\/geral\/wp-json\/wp\/v2\/comments?post=8034"}],"version-history":[{"count":2,"href":"https:\/\/diariodocomercio.com.br\/geral\/wp-json\/wp\/v2\/posts\/8034\/revisions"}],"predecessor-version":[{"id":8038,"href":"https:\/\/diariodocomercio.com.br\/geral\/wp-json\/wp\/v2\/posts\/8034\/revisions\/8038"}],"wp:featuredmedia":[{"embeddable":true,"href":"https:\/\/diariodocomercio.com.br\/geral\/wp-json\/wp\/v2\/media\/8039"}],"wp:attachment":[{"href":"https:\/\/diariodocomercio.com.br\/geral\/wp-json\/wp\/v2\/media?parent=8034"}],"wp:term":[{"taxonomy":"category","embeddable":true,"href":"https:\/\/diariodocomercio.com.br\/geral\/wp-json\/wp\/v2\/categories?post=8034"},{"taxonomy":"post_tag","embeddable":true,"href":"https:\/\/diariodocomercio.com.br\/geral\/wp-json\/wp\/v2\/tags?post=8034"}],"curies":[{"name":"wp","href":"https:\/\/api.w.org\/{rel}","templated":true}]}}