{"id":8040,"date":"2026-08-31T14:15:00","date_gmt":"2026-08-31T17:15:00","guid":{"rendered":"https:\/\/diariodocomercio.com.br\/geral\/?p=8040"},"modified":"2026-08-31T13:56:45","modified_gmt":"2026-08-31T16:56:45","slug":"ir-2026-receita-federal-ultimo-lote","status":"publish","type":"post","link":"https:\/\/diariodocomercio.com.br\/geral\/ir-2026-receita-federal-ultimo-lote\/","title":{"rendered":"Receita paga \u00faltimo lote do imposto de renda nesta segunda (31); veja como consultar"},"content":{"rendered":"\n<p class=\"wp-block-paragraph\">A Receita Federal libera nesta segunda-feira (31) o quarto e \u00faltimo lote de restitui\u00e7\u00e3o do IR 2026. Ao longo do dia, R$ 1,24 bilh\u00e3o ser\u00e1 depositado para 521.935 contribuintes, incluindo restitui\u00e7\u00f5es residuais de anos anteriores.<\/p>\n\n\n\n<p class=\"wp-block-paragraph\">As restitui\u00e7\u00f5es est\u00e3o distribu\u00eddas da seguinte forma:<\/p>\n\n\n\n<ul class=\"wp-block-list\">\n<li>338.912 contribuintes que usaram a declara\u00e7\u00e3o pr\u00e9-preenchida ou optaram por receber a restitui\u00e7\u00e3o via Pix;<\/li>\n\n\n\n<li>86.873 contribuintes entre 60 e 79 anos;<\/li>\n\n\n\n<li>43.502 contribuintes n\u00e3o priorit\u00e1rios;<\/li>\n\n\n\n<li>26.769 contribuintes cuja maior fonte de renda seja o magist\u00e9rio;<\/li>\n\n\n\n<li>16.850 contribuintes acima de 80 anos;<\/li>\n\n\n\n<li>9.029 contribuintes com defici\u00eancia f\u00edsica ou mental ou doen\u00e7a grave.<\/li>\n<\/ul>\n\n\n\n<h2 class=\"wp-block-heading\"><strong>Como consultar se voc\u00ea est\u00e1 no \u00faltimo lote do IR<\/strong><\/h2>\n\n\n\n<p class=\"wp-block-paragraph\">A <a href=\"https:\/\/diariodocomercio.com.br\/geral\/ultimo-lote-imposto-de-renda-2026\/\">consulta<\/a> est\u00e1 dispon\u00edvel no site da Receita Federal desde o dia 24. Para verificar, basta acessar a p\u00e1gina da Receita, clicar em &#8220;Meu Imposto de Renda&#8221; e depois em &#8220;Consultar a Restitui\u00e7\u00e3o&#8221;.&nbsp;<\/p>\n\n\n\n<p class=\"wp-block-paragraph\">A consulta tamb\u00e9m pode ser feita pelo aplicativo da Receita Federal para smartphones e tablets.<\/p>\n\n\n\n<h2 class=\"wp-block-heading\"><strong>Como o pagamento ser\u00e1 feito<\/strong><\/h2>\n\n\n\n<p class=\"wp-block-paragraph\">O valor ser\u00e1 depositado na conta ou na chave Pix do tipo CPF informada na declara\u00e7\u00e3o do IR. Se o contribuinte n\u00e3o constar na lista, deve acessar o e-CAC e verificar o extrato da declara\u00e7\u00e3o. Em caso de pend\u00eancia, \u00e9 poss\u00edvel enviar uma declara\u00e7\u00e3o retificadora e aguardar os pr\u00f3ximos lotes.<\/p>\n\n\n\n<p class=\"wp-block-paragraph\">Se a restitui\u00e7\u00e3o n\u00e3o puder ser depositada na conta informada, como em casos de conta desativada, os valores ficam dispon\u00edveis para resgate por at\u00e9 um ano no Banco do Brasil.<\/p>\n","protected":false},"excerpt":{"rendered":"<p>A Receita Federal libera nesta segunda-feira (31) o quarto e \u00faltimo lote de restitui\u00e7\u00e3o do IR 2026. Ao longo do dia, R$ 1,24 bilh\u00e3o ser\u00e1 depositado para 521.935 contribuintes, incluindo restitui\u00e7\u00f5es residuais de anos anteriores. As restitui\u00e7\u00f5es est\u00e3o distribu\u00eddas da seguinte forma: Como consultar se voc\u00ea est\u00e1 no \u00faltimo lote do IR A consulta est\u00e1 [&hellip;]<\/p>\n","protected":false},"author":3,"featured_media":7320,"comment_status":"closed","ping_status":"open","sticky":false,"template":"","format":"standard","meta":{"_acf_changed":false,"footnotes":""},"categories":[9,1],"tags":[],"class_list":["post-8040","post","type-post","status-publish","format-standard","has-post-thumbnail","hentry","category-economia","category-geral"],"acf":{"subtitulo":"R$ 1,24 bilh\u00e3o ser\u00e1 liberado a 521.935 contribuintes; pagamento inclui restitui\u00e7\u00f5es residuais de anos anteriores","oculta_home":false,"leitura_rapida":""},"_links":{"self":[{"href":"https:\/\/diariodocomercio.com.br\/geral\/wp-json\/wp\/v2\/posts\/8040","targetHints":{"allow":["GET"]}}],"collection":[{"href":"https:\/\/diariodocomercio.com.br\/geral\/wp-json\/wp\/v2\/posts"}],"about":[{"href":"https:\/\/diariodocomercio.com.br\/geral\/wp-json\/wp\/v2\/types\/post"}],"author":[{"embeddable":true,"href":"https:\/\/diariodocomercio.com.br\/geral\/wp-json\/wp\/v2\/users\/3"}],"replies":[{"embeddable":true,"href":"https:\/\/diariodocomercio.com.br\/geral\/wp-json\/wp\/v2\/comments?post=8040"}],"version-history":[{"count":1,"href":"https:\/\/diariodocomercio.com.br\/geral\/wp-json\/wp\/v2\/posts\/8040\/revisions"}],"predecessor-version":[{"id":8042,"href":"https:\/\/diariodocomercio.com.br\/geral\/wp-json\/wp\/v2\/posts\/8040\/revisions\/8042"}],"wp:featuredmedia":[{"embeddable":true,"href":"https:\/\/diariodocomercio.com.br\/geral\/wp-json\/wp\/v2\/media\/7320"}],"wp:attachment":[{"href":"https:\/\/diariodocomercio.com.br\/geral\/wp-json\/wp\/v2\/media?parent=8040"}],"wp:term":[{"taxonomy":"category","embeddable":true,"href":"https:\/\/diariodocomercio.com.br\/geral\/wp-json\/wp\/v2\/categories?post=8040"},{"taxonomy":"post_tag","embeddable":true,"href":"https:\/\/diariodocomercio.com.br\/geral\/wp-json\/wp\/v2\/tags?post=8040"}],"curies":[{"name":"wp","href":"https:\/\/api.w.org\/{rel}","templated":true}]}}