{"id":8047,"date":"2026-08-31T15:00:00","date_gmt":"2026-08-31T18:00:00","guid":{"rendered":"https:\/\/diariodocomercio.com.br\/geral\/?p=8047"},"modified":"2026-08-31T14:43:17","modified_gmt":"2026-08-31T17:43:17","slug":"maria-fumaca-feriado-independencia","status":"publish","type":"post","link":"https:\/\/diariodocomercio.com.br\/geral\/maria-fumaca-feriado-independencia\/","title":{"rendered":"Passeio de Maria Fuma\u00e7a ter\u00e1 14 viagens exclusivas no feriado prolongado em MG"},"content":{"rendered":"\n<p class=\"wp-block-paragraph\">A Maria Fuma\u00e7a vai operar 14 viagens durante o feriado de 7 de Setembro, conectando S\u00e3o Jo\u00e3o del-Rei a Tiradentes no Campo das Vertentes. S\u00e3o sete hor\u00e1rios saindo de cada ponta do percurso, entre os dias 4 e 7 de setembro.<\/p>\n\n\n\n<p class=\"wp-block-paragraph\">O trem percorre os 12 quil\u00f4metros entre as duas cidades em cerca de 50 minutos, com a Serra de S\u00e3o Jos\u00e9 ao fundo. A VLI, empresa respons\u00e1vel pelo servi\u00e7o, pode abrir hor\u00e1rios extras se a procura for alta.<\/p>\n\n\n\n<h2 class=\"wp-block-heading\"><strong>Quanto custa a passagem da Maria Fuma\u00e7a<\/strong><\/h2>\n\n\n\n<p class=\"wp-block-paragraph\">O bilhete inteiro custa R$ 86 por trecho e a meia-entrada sai por R$ 43. Os ingressos est\u00e3o dispon\u00edveis pelo <a href=\"https:\/\/vlitremturistico.buson.com.br\/\" target=\"_blank\" rel=\"noopener\">site da VLI<\/a> e nos terminais de autoatendimento instalados nas duas esta\u00e7\u00f5es.<\/p>\n\n\n\n<p class=\"wp-block-paragraph\">Crian\u00e7as de at\u00e9 5 anos n\u00e3o pagam, desde que viajem no colo e apresentem documento. T\u00eam direito \u00e0 meia-entrada:<\/p>\n\n\n\n<ul class=\"wp-block-list\">\n<li>Crian\u00e7as de 6 a 12 anos (com certid\u00e3o de nascimento ou RG)<\/li>\n\n\n\n<li>Estudantes com 13 anos ou mais, portando carteirinha em vig\u00eancia e identidade com foto<\/li>\n\n\n\n<li>PcD e um acompanhante, mediante carteirinha de defici\u00eancia ou laudo m\u00e9dico<\/li>\n\n\n\n<li>Maiores de 60 anos (com documento com foto)<\/li>\n\n\n\n<li>Professores na propor\u00e7\u00e3o de um a cada dez alunos<\/li>\n\n\n\n<li>Doadores de sangue ou de medula \u00f3ssea, com comprovante via Conecte SUS Cidad\u00e3o ou Redome<\/li>\n\n\n\n<li>Moradores de S\u00e3o Jo\u00e3o del-Rei e de munic\u00edpios num raio de at\u00e9 50 quil\u00f4metros (com comprovante de resid\u00eancia e identidade)<\/li>\n<\/ul>\n\n\n\n<h2 class=\"wp-block-heading\">Animal de estima\u00e7\u00e3o pode viajar junto<\/h2>\n\n\n\n<p class=\"wp-block-paragraph\">Animais de at\u00e9 10 kg podem embarcar com o tutor sem custo adicional, desde que acomodados em caixa adequada e sem perturbar os outros passageiros. O limite \u00e9 de um pet por pessoa.<\/p>\n\n\n\n<p class=\"wp-block-paragraph\">C\u00e3o-guia e animais de apoio emocional t\u00eam acesso garantido mediante laudo ou documenta\u00e7\u00e3o que comprove a necessidade.<\/p>\n\n\n\n<h2 class=\"wp-block-heading\"><strong>VLI encerra opera\u00e7\u00f5es em 30 de setembro<\/strong><\/h2>\n\n\n\n<p class=\"wp-block-paragraph\"><a href=\"https:\/\/diariodocomercio.com.br\/geral\/maria-fumaca-tera-nova-operadora\/\">A VLI vai deixar de operar o servi\u00e7o ao fim de setembro<\/a>, encerrando 30 anos \u00e0 frente do complexo ferrovi\u00e1rio. O encerramento foi acertado em acordo que envolve o Iphan (Instituto do Patrim\u00f4nio Hist\u00f3rico e Art\u00edstico Nacional), o MPF (Minist\u00e9rio P\u00fablico Federal) e os governos municipais das duas cidades. A gest\u00e3o passa para as prefeituras de S\u00e3o Jo\u00e3o del-Rei e Tiradentes.<\/p>\n\n\n\n<p class=\"wp-block-paragraph\">O complexo abrange o trem hist\u00f3rico, o Museu Ferrovi\u00e1rio, a Rotunda e as mostras do Projeto Esta\u00e7\u00e3o de Mem\u00f3rias<\/p>\n","protected":false},"excerpt":{"rendered":"<p>A Maria Fuma\u00e7a vai operar 14 viagens durante o feriado de 7 de Setembro, conectando S\u00e3o Jo\u00e3o del-Rei a Tiradentes no Campo das Vertentes. S\u00e3o sete hor\u00e1rios saindo de cada ponta do percurso, entre os dias 4 e 7 de setembro. O trem percorre os 12 quil\u00f4metros entre as duas cidades em cerca de 50 [&hellip;]<\/p>\n","protected":false},"author":4,"featured_media":8048,"comment_status":"closed","ping_status":"open","sticky":false,"template":"","format":"standard","meta":{"_acf_changed":false,"footnotes":""},"categories":[13],"tags":[],"class_list":["post-8047","post","type-post","status-publish","format-standard","has-post-thumbnail","hentry","category-regional"],"acf":{"subtitulo":"Trem hist\u00f3rico liga S\u00e3o Jo\u00e3o del-Rei a Tiradentes com sete hor\u00e1rios por sentido entre 4 e 7 de setembro","oculta_home":false,"leitura_rapida":""},"_links":{"self":[{"href":"https:\/\/diariodocomercio.com.br\/geral\/wp-json\/wp\/v2\/posts\/8047","targetHints":{"allow":["GET"]}}],"collection":[{"href":"https:\/\/diariodocomercio.com.br\/geral\/wp-json\/wp\/v2\/posts"}],"about":[{"href":"https:\/\/diariodocomercio.com.br\/geral\/wp-json\/wp\/v2\/types\/post"}],"author":[{"embeddable":true,"href":"https:\/\/diariodocomercio.com.br\/geral\/wp-json\/wp\/v2\/users\/4"}],"replies":[{"embeddable":true,"href":"https:\/\/diariodocomercio.com.br\/geral\/wp-json\/wp\/v2\/comments?post=8047"}],"version-history":[{"count":4,"href":"https:\/\/diariodocomercio.com.br\/geral\/wp-json\/wp\/v2\/posts\/8047\/revisions"}],"predecessor-version":[{"id":8052,"href":"https:\/\/diariodocomercio.com.br\/geral\/wp-json\/wp\/v2\/posts\/8047\/revisions\/8052"}],"wp:featuredmedia":[{"embeddable":true,"href":"https:\/\/diariodocomercio.com.br\/geral\/wp-json\/wp\/v2\/media\/8048"}],"wp:attachment":[{"href":"https:\/\/diariodocomercio.com.br\/geral\/wp-json\/wp\/v2\/media?parent=8047"}],"wp:term":[{"taxonomy":"category","embeddable":true,"href":"https:\/\/diariodocomercio.com.br\/geral\/wp-json\/wp\/v2\/categories?post=8047"},{"taxonomy":"post_tag","embeddable":true,"href":"https:\/\/diariodocomercio.com.br\/geral\/wp-json\/wp\/v2\/tags?post=8047"}],"curies":[{"name":"wp","href":"https:\/\/api.w.org\/{rel}","templated":true}]}}