{"id":8056,"date":"2026-08-31T15:45:00","date_gmt":"2026-08-31T18:45:00","guid":{"rendered":"https:\/\/diariodocomercio.com.br\/geral\/?p=8056"},"modified":"2026-08-31T15:34:51","modified_gmt":"2026-08-31T18:34:51","slug":"fim-da-escala-6x1-escolas","status":"publish","type":"post","link":"https:\/\/diariodocomercio.com.br\/geral\/fim-da-escala-6x1-escolas\/","title":{"rendered":"Fim da escala 6&#215;1 pode encarecer a escola dos seus filhos em at\u00e9 R$ 450 por m\u00eas"},"content":{"rendered":"\n<p class=\"wp-block-paragraph\">O fim da escala 6&#215;1 pode encarecer as mensalidades das escolas particulares em at\u00e9 23%, segundo estudo encomendado pela <a href=\"https:\/\/www.confenen.org.br\/\" target=\"_blank\" rel=\"noopener\">Confenen<\/a> (Confedera\u00e7\u00e3o Nacional dos Estabelecimentos de Ensino), entidade que representa as escolas privadas do pa\u00eds.<\/p>\n\n\n\n<p class=\"wp-block-paragraph\">O percentual de 23% resulta da soma entre o repasse estimado da reforma trabalhista, projetado entre 8% e 11%, e o reajuste anual das mensalidades, que j\u00e1 varia de 9% a 12%.<\/p>\n\n\n\n<h2 class=\"wp-block-heading\"><strong>Como o fim da escala 6&#215;1 afeta as mensalidades escolares<\/strong><\/h2>\n\n\n\n<p class=\"wp-block-paragraph\">O estudo gira em torno de um ponto ainda indefinido na <a href=\"https:\/\/diariodocomercio.com.br\/geral\/fim-da-escala-6-x-1-folgas-e-salario\/\">proposta de fim da escala 6&#215;1<\/a> em tramita\u00e7\u00e3o no Congresso. A d\u00favida \u00e9 se o dia livre no modelo 5&#215;2 ser\u00e1 tratado como folga compensat\u00f3ria ou como segundo descanso semanal remunerado.<\/p>\n\n\n\n<p class=\"wp-block-paragraph\">A diferen\u00e7a importa porque os professores horistas respondem por cerca de 55% da folha docente das escolas privadas. Nessa hip\u00f3tese, a base de c\u00e1lculo do valor pago por aula saltaria de um sexto para dois quintos da remunera\u00e7\u00e3o, encarecendo o contrato do professor horista em 20% j\u00e1 na largada.<\/p>\n\n\n\n<p class=\"wp-block-paragraph\">A Confenen projetou tr\u00eas cen\u00e1rios a partir dessa vari\u00e1vel.<\/p>\n\n\n\n<p class=\"wp-block-paragraph\">No cen\u00e1rio conservador, o impacto sobre a folha do setor seria de 9,3%, equivalente a R$ 9,3 bilh\u00f5es por ano ou R$ 25 a mais por aluno ao m\u00eas.<\/p>\n\n\n\n<p class=\"wp-block-paragraph\">No cen\u00e1rio central, considerado o mais prov\u00e1vel enquanto a proposta tramita sem prote\u00e7\u00e3o espec\u00edfica ao setor, o impacto sobe para 17,3% da folha, ou R$ 17,3 bilh\u00f5es por ano.<\/p>\n\n\n\n<p class=\"wp-block-paragraph\">O repasse \u00e0s fam\u00edlias ficaria entre R$ 50 e R$ 90 mensais para quem estuda em escola popular, com mensalidade m\u00e9dia de R$ 800. Para escolas premium, com mensalidade m\u00e9dia de R$ 4,5 mil, o acr\u00e9scimo ficaria entre R$ 250 e R$ 450.<\/p>\n\n\n\n<p class=\"wp-block-paragraph\">A proje\u00e7\u00e3o mais severa aponta para um comprometimento de 31,6% dos custos com pessoal, representando R$ 31,6 bilh\u00f5es anuais.<\/p>\n\n\n\n<p class=\"wp-block-paragraph\">Nesse cen\u00e1rio, R$ 85 seriam acrescentados \u00e0 fatura mensal de cada aluno. Escolas de menor margem podem encerrar as atividades em at\u00e9 tr\u00eas anos, segundo o levantamento.<\/p>\n\n\n\n<h2 class=\"wp-block-heading\"><strong><strong>O custo da migra\u00e7\u00e3o para o poder p\u00fablico<\/strong><\/strong><\/h2>\n\n\n\n<p class=\"wp-block-paragraph\">Pelas proje\u00e7\u00f5es do estudo, as escolas de menor ticket devem perder entre 5% e 8% dos alunos; as unidades premium, entre 2% e 3%. Somadas, essas sa\u00eddas colocariam entre 450 mil e 720 mil estudantes na fila das matr\u00edculas p\u00fablicas, m\u00e9dia de 600 mil alunos.<\/p>\n\n\n\n<p class=\"wp-block-paragraph\">Absorver esse volume teria custo direto para o poder p\u00fablico. O valor estimado \u00e9 de R$ 7,5 mil por aluno ao ano no fundamental e R$ 10 mil no m\u00e9dio.<\/p>\n","protected":false},"excerpt":{"rendered":"<p>O fim da escala 6&#215;1 pode encarecer as mensalidades das escolas particulares em at\u00e9 23%, segundo estudo encomendado pela Confenen (Confedera\u00e7\u00e3o Nacional dos Estabelecimentos de Ensino), entidade que representa as escolas privadas do pa\u00eds. O percentual de 23% resulta da soma entre o repasse estimado da reforma trabalhista, projetado entre 8% e 11%, e o [&hellip;]<\/p>\n","protected":false},"author":4,"featured_media":8057,"comment_status":"closed","ping_status":"open","sticky":false,"template":"","format":"standard","meta":{"_acf_changed":false,"footnotes":""},"categories":[9],"tags":[],"class_list":["post-8056","post","type-post","status-publish","format-standard","has-post-thumbnail","hentry","category-economia"],"acf":{"subtitulo":"Estudo encomendado pelas pr\u00f3prias escolas privadas projeta at\u00e9 600 mil alunos migrando para a rede p\u00fablica","oculta_home":false,"leitura_rapida":""},"_links":{"self":[{"href":"https:\/\/diariodocomercio.com.br\/geral\/wp-json\/wp\/v2\/posts\/8056","targetHints":{"allow":["GET"]}}],"collection":[{"href":"https:\/\/diariodocomercio.com.br\/geral\/wp-json\/wp\/v2\/posts"}],"about":[{"href":"https:\/\/diariodocomercio.com.br\/geral\/wp-json\/wp\/v2\/types\/post"}],"author":[{"embeddable":true,"href":"https:\/\/diariodocomercio.com.br\/geral\/wp-json\/wp\/v2\/users\/4"}],"replies":[{"embeddable":true,"href":"https:\/\/diariodocomercio.com.br\/geral\/wp-json\/wp\/v2\/comments?post=8056"}],"version-history":[{"count":5,"href":"https:\/\/diariodocomercio.com.br\/geral\/wp-json\/wp\/v2\/posts\/8056\/revisions"}],"predecessor-version":[{"id":8063,"href":"https:\/\/diariodocomercio.com.br\/geral\/wp-json\/wp\/v2\/posts\/8056\/revisions\/8063"}],"wp:featuredmedia":[{"embeddable":true,"href":"https:\/\/diariodocomercio.com.br\/geral\/wp-json\/wp\/v2\/media\/8057"}],"wp:attachment":[{"href":"https:\/\/diariodocomercio.com.br\/geral\/wp-json\/wp\/v2\/media?parent=8056"}],"wp:term":[{"taxonomy":"category","embeddable":true,"href":"https:\/\/diariodocomercio.com.br\/geral\/wp-json\/wp\/v2\/categories?post=8056"},{"taxonomy":"post_tag","embeddable":true,"href":"https:\/\/diariodocomercio.com.br\/geral\/wp-json\/wp\/v2\/tags?post=8056"}],"curies":[{"name":"wp","href":"https:\/\/api.w.org\/{rel}","templated":true}]}}