{"id":8064,"date":"2026-08-31T16:00:00","date_gmt":"2026-08-31T19:00:00","guid":{"rendered":"https:\/\/diariodocomercio.com.br\/geral\/?p=8064"},"modified":"2026-08-31T15:40:37","modified_gmt":"2026-08-31T18:40:37","slug":"wi-fi-gratuito-bh-17-novos-pontos","status":"publish","type":"post","link":"https:\/\/diariodocomercio.com.br\/geral\/wi-fi-gratuito-bh-17-novos-pontos\/","title":{"rendered":"BH ganha 17 novos pontos de Wi-Fi gratuito em \u00e1reas p\u00fablicas; veja os locais"},"content":{"rendered":"\n<p class=\"wp-block-paragraph\">Belo Horizonte ganhou 17 novos pontos de Wi-Fi gratuito em pra\u00e7as, parques e vilas de diferentes regionais da cidade. A amplia\u00e7\u00e3o integra o Projeto Transformador Cidade Inteligente, da <a href=\"https:\/\/prefeitura.pbh.gov.br\/\" target=\"_blank\" rel=\"noopener\">Prefeitura<\/a>, e eleva para mais de 5.173 o total de pontos de internet gratuita dispon\u00edveis na capital, que j\u00e1 conta com mais de 3,3 milh\u00f5es de usu\u00e1rios cadastrados.<\/p>\n\n\n\n<h2 class=\"wp-block-heading\"><strong>Onde est\u00e3o os novos pontos de Wi-Fi gratuito<\/strong><\/h2>\n\n\n\n<p class=\"wp-block-paragraph\">Os novos pontos de Wi-Fi gratuito est\u00e3o distribu\u00eddos em sete regionais de BH. Esses s\u00e3o os locais:<\/p>\n\n\n\n<ul class=\"wp-block-list\">\n<li><strong>Pampulha:<\/strong> Parque do Bairro Jardim Leblon, Parque Lagoa do Nado e Pra\u00e7a Miriam Brand\u00e3o<\/li>\n\n\n\n<li><strong>Nordeste:<\/strong> Parque 1\u00ba de Maio e Parque Guilherme Lage<\/li>\n\n\n\n<li><strong>Venda Nova:<\/strong> Pra\u00e7as Amintas de Barros, Enfermeira Geralda Marra e Sargento Moreira Neves<\/li>\n\n\n\n<li><strong>Barreiro:<\/strong> Pra\u00e7a da F\u00e9, Vila Bernadete e Vila Cemig<\/li>\n\n\n\n<li><strong>Noroeste:<\/strong> Pra\u00e7a do Mirante<\/li>\n\n\n\n<li><strong>Leste:<\/strong> Pra\u00e7a Itapira<\/li>\n\n\n\n<li><strong>Oeste:<\/strong> Pra\u00e7as da Sa\u00fade, Vereador Delio Salomon e Via do Bic\u00e3o, al\u00e9m do Parque Ecol\u00f3gico Pedro Machado<\/li>\n<\/ul>\n\n\n\n<p class=\"wp-block-paragraph\">Para conectar, basta selecionar a rede &#8220;Wi-Fi Gratuito&#8221; no dispositivo, fazer um cadastro r\u00e1pido com nome, telefone e CPF e aceitar os termos de uso. Estrangeiros podem usar os dados do passaporte.<\/p>\n","protected":false},"excerpt":{"rendered":"<p>Belo Horizonte ganhou 17 novos pontos de Wi-Fi gratuito em pra\u00e7as, parques e vilas de diferentes regionais da cidade. A amplia\u00e7\u00e3o integra o Projeto Transformador Cidade Inteligente, da Prefeitura, e eleva para mais de 5.173 o total de pontos de internet gratuita dispon\u00edveis na capital, que j\u00e1 conta com mais de 3,3 milh\u00f5es de usu\u00e1rios [&hellip;]<\/p>\n","protected":false},"author":3,"featured_media":8065,"comment_status":"closed","ping_status":"open","sticky":false,"template":"","format":"standard","meta":{"_acf_changed":false,"footnotes":""},"categories":[11,1],"tags":[],"class_list":["post-8064","post","type-post","status-publish","format-standard","has-post-thumbnail","hentry","category-cidades","category-geral"],"acf":{"subtitulo":"Expans\u00e3o contempla pra\u00e7as, parques e vilas em sete regionais da capital; cidade passa a ter mais de 5.173 pontos de internet gratuita com mais de 3,3 milh\u00f5es de usu\u00e1rios cadastrados","oculta_home":false,"leitura_rapida":""},"_links":{"self":[{"href":"https:\/\/diariodocomercio.com.br\/geral\/wp-json\/wp\/v2\/posts\/8064","targetHints":{"allow":["GET"]}}],"collection":[{"href":"https:\/\/diariodocomercio.com.br\/geral\/wp-json\/wp\/v2\/posts"}],"about":[{"href":"https:\/\/diariodocomercio.com.br\/geral\/wp-json\/wp\/v2\/types\/post"}],"author":[{"embeddable":true,"href":"https:\/\/diariodocomercio.com.br\/geral\/wp-json\/wp\/v2\/users\/3"}],"replies":[{"embeddable":true,"href":"https:\/\/diariodocomercio.com.br\/geral\/wp-json\/wp\/v2\/comments?post=8064"}],"version-history":[{"count":1,"href":"https:\/\/diariodocomercio.com.br\/geral\/wp-json\/wp\/v2\/posts\/8064\/revisions"}],"predecessor-version":[{"id":8066,"href":"https:\/\/diariodocomercio.com.br\/geral\/wp-json\/wp\/v2\/posts\/8064\/revisions\/8066"}],"wp:featuredmedia":[{"embeddable":true,"href":"https:\/\/diariodocomercio.com.br\/geral\/wp-json\/wp\/v2\/media\/8065"}],"wp:attachment":[{"href":"https:\/\/diariodocomercio.com.br\/geral\/wp-json\/wp\/v2\/media?parent=8064"}],"wp:term":[{"taxonomy":"category","embeddable":true,"href":"https:\/\/diariodocomercio.com.br\/geral\/wp-json\/wp\/v2\/categories?post=8064"},{"taxonomy":"post_tag","embeddable":true,"href":"https:\/\/diariodocomercio.com.br\/geral\/wp-json\/wp\/v2\/tags?post=8064"}],"curies":[{"name":"wp","href":"https:\/\/api.w.org\/{rel}","templated":true}]}}