{"id":8067,"date":"2026-08-31T16:15:09","date_gmt":"2026-08-31T19:15:09","guid":{"rendered":"https:\/\/diariodocomercio.com.br\/geral\/?p=8067"},"modified":"2026-08-31T16:16:02","modified_gmt":"2026-08-31T19:16:02","slug":"sus-tres-novos-medicamentos-para-cancer-de-pulmao","status":"publish","type":"post","link":"https:\/\/diariodocomercio.com.br\/geral\/sus-tres-novos-medicamentos-para-cancer-de-pulmao\/","title":{"rendered":"SUS ter\u00e1 tr\u00eas novos medicamentos para tratamento de c\u00e2ncer; rem\u00e9dios podem custar quase R$ 700 mil por ano"},"content":{"rendered":"\n<p class=\"wp-block-paragraph\">Tr\u00eas novos medicamentos para c\u00e2ncer de pulm\u00e3o passar\u00e3o a ser disponibilizados gratuitamente pelo SUS a partir de outubro: brigatinibe, gefitinibe e durvalumabe. Na rede privada, os tratamentos podem custar at\u00e9 R$ 643 mil por ano. Segundo o<a href=\"https:\/\/www.gov.br\/saude\/pt-br\" target=\"_blank\" rel=\"noopener\"> Minist\u00e9rio da Sa\u00fade<\/a>, cerca de 1,9 mil pacientes devem ser atendidos com as novas op\u00e7\u00f5es terap\u00eauticas.<\/p>\n\n\n\n<p class=\"wp-block-paragraph\">Os tr\u00eas rem\u00e9dios integram a Assist\u00eancia Farmac\u00eautica Oncol\u00f3gica (AF-Onco), criada para ampliar a oferta de tratamentos oncol\u00f3gicos pelo SUS.&nbsp;<\/p>\n\n\n\n<p class=\"wp-block-paragraph\">A pol\u00edtica prev\u00ea a disponibiliza\u00e7\u00e3o de 23 medicamentos para c\u00e2ncer de alto custo, ampliando em 35% a oferta de tratamentos na rede p\u00fablica, com or\u00e7amento anual de R$ 2,1 bilh\u00f5es para atender 100 mil pessoas.<\/p>\n\n\n\n<h2 class=\"wp-block-heading\"><strong>Como cada medicamento age<\/strong><\/h2>\n\n\n\n<p class=\"wp-block-paragraph\">O brigatinibe e o gefitinibe s\u00e3o terapias-alvo orais que atuam diretamente sobre altera\u00e7\u00f5es espec\u00edficas das c\u00e9lulas cancer\u00edgenas. Uma das vantagens em rela\u00e7\u00e3o \u00e0 quimioterapia convencional \u00e9 que ambos podem ser administrados em casa, com menor incid\u00eancia de efeitos adversos.<\/p>\n\n\n\n<p class=\"wp-block-paragraph\">J\u00e1 o durvalumabe estimula o sistema imunol\u00f3gico do pr\u00f3prio paciente a combater os tumores. O medicamento \u00e9 indicado para pacientes com c\u00e2ncer de pulm\u00e3o em est\u00e1gio 3 que n\u00e3o podem ser submetidos a cirurgia.<\/p>\n\n\n\n<p class=\"wp-block-paragraph\"><\/p>\n","protected":false},"excerpt":{"rendered":"<p>Tr\u00eas novos medicamentos para c\u00e2ncer de pulm\u00e3o passar\u00e3o a ser disponibilizados gratuitamente pelo SUS a partir de outubro: brigatinibe, gefitinibe e durvalumabe. Na rede privada, os tratamentos podem custar at\u00e9 R$ 643 mil por ano. Segundo o Minist\u00e9rio da Sa\u00fade, cerca de 1,9 mil pacientes devem ser atendidos com as novas op\u00e7\u00f5es terap\u00eauticas. Os tr\u00eas [&hellip;]<\/p>\n","protected":false},"author":3,"featured_media":5627,"comment_status":"closed","ping_status":"open","sticky":false,"template":"","format":"standard","meta":{"_acf_changed":false,"footnotes":""},"categories":[1],"tags":[],"class_list":["post-8067","post","type-post","status-publish","format-standard","has-post-thumbnail","hentry","category-geral"],"acf":{"subtitulo":"Brigatinibe, gefitinibe e durvalumabe ser\u00e3o disponibilizados a partir de outubro para cerca de 1,9 mil pacientes com c\u00e2ncer de pulm\u00e3o","oculta_home":false,"leitura_rapida":""},"_links":{"self":[{"href":"https:\/\/diariodocomercio.com.br\/geral\/wp-json\/wp\/v2\/posts\/8067","targetHints":{"allow":["GET"]}}],"collection":[{"href":"https:\/\/diariodocomercio.com.br\/geral\/wp-json\/wp\/v2\/posts"}],"about":[{"href":"https:\/\/diariodocomercio.com.br\/geral\/wp-json\/wp\/v2\/types\/post"}],"author":[{"embeddable":true,"href":"https:\/\/diariodocomercio.com.br\/geral\/wp-json\/wp\/v2\/users\/3"}],"replies":[{"embeddable":true,"href":"https:\/\/diariodocomercio.com.br\/geral\/wp-json\/wp\/v2\/comments?post=8067"}],"version-history":[{"count":2,"href":"https:\/\/diariodocomercio.com.br\/geral\/wp-json\/wp\/v2\/posts\/8067\/revisions"}],"predecessor-version":[{"id":8069,"href":"https:\/\/diariodocomercio.com.br\/geral\/wp-json\/wp\/v2\/posts\/8067\/revisions\/8069"}],"wp:featuredmedia":[{"embeddable":true,"href":"https:\/\/diariodocomercio.com.br\/geral\/wp-json\/wp\/v2\/media\/5627"}],"wp:attachment":[{"href":"https:\/\/diariodocomercio.com.br\/geral\/wp-json\/wp\/v2\/media?parent=8067"}],"wp:term":[{"taxonomy":"category","embeddable":true,"href":"https:\/\/diariodocomercio.com.br\/geral\/wp-json\/wp\/v2\/categories?post=8067"},{"taxonomy":"post_tag","embeddable":true,"href":"https:\/\/diariodocomercio.com.br\/geral\/wp-json\/wp\/v2\/tags?post=8067"}],"curies":[{"name":"wp","href":"https:\/\/api.w.org\/{rel}","templated":true}]}}