{"id":8070,"date":"2026-08-31T17:05:59","date_gmt":"2026-08-31T20:05:59","guid":{"rendered":"https:\/\/diariodocomercio.com.br\/geral\/?p=8070"},"modified":"2026-08-31T17:06:01","modified_gmt":"2026-08-31T20:06:01","slug":"veredas-bairro-planejado-uberlandia-2-bilhoes","status":"publish","type":"post","link":"https:\/\/diariodocomercio.com.br\/geral\/veredas-bairro-planejado-uberlandia-2-bilhoes\/","title":{"rendered":"Uberl\u00e2ndia ter\u00e1 novo bairro planejado e parque municipal com investimento de R$ 2 bilh\u00f5es e gera\u00e7\u00e3o de 20 mil empregos"},"content":{"rendered":"\n<p class=\"wp-block-paragraph\">A ITV Urbanismo anunciou \u00e0 <a href=\"https:\/\/www.uberlandia.mg.gov.br\/\" target=\"_blank\" rel=\"noopener\">Prefeitura de Uberl\u00e2ndia<\/a>, na \u00faltima sexta-feira (28), a implanta\u00e7\u00e3o do bairro planejado Veredas na zona Oeste da cidade, com previs\u00e3o de R$ 2 bilh\u00f5es em investimentos e Valor Geral de Vendas estimado em R$ 3 bilh\u00f5es. O projeto, organizado em 28 fases, prev\u00ea uma popula\u00e7\u00e3o de aproximadamente 30 mil habitantes e a cria\u00e7\u00e3o de mais de 20 mil postos de trabalho at\u00e9 o final de sua implanta\u00e7\u00e3o.<\/p>\n\n\n\n<h2 class=\"wp-block-heading\"><strong>Como ser\u00e1 o bairro Veredas<\/strong><\/h2>\n\n\n\n<p class=\"wp-block-paragraph\">O Veredas ter\u00e1 mix funcional com lotes residenciais abertos e fechados, lotes multifamiliares verticais, lote misto aberto e centralidade urbana. O projeto ser\u00e1 implantado em fases ao longo dos anos, com uso diversificado voltado \u00e0 cria\u00e7\u00e3o de um bairro completo e integrado \u00e0 infraestrutura existente da zona Oeste.<\/p>\n\n\n\n<p class=\"wp-block-paragraph\">Para as obras vi\u00e1rias, com investimento de R$ 40 milh\u00f5es, est\u00e3o previstas novas liga\u00e7\u00f5es de aproximadamente 4 km conectando a Avenida Get\u00falio Vargas e a regi\u00e3o da trincheira Helv\u00e9cio Alves Carneiro ao Anel Vi\u00e1rio do Setor Oeste.&nbsp;<\/p>\n\n\n\n<p class=\"wp-block-paragraph\">O primeiro trecho contempla a requalifica\u00e7\u00e3o da Rua do Carpinteiro com vias de tr\u00e1fego, ciclofaixas e arboriza\u00e7\u00e3o. O segundo prev\u00ea a abertura de vias com 40 e 27 metros de largura, respeitando as \u00c1reas de Preserva\u00e7\u00e3o Permanente. Apenas as obras vi\u00e1rias devem gerar 1.200 empregos diretos e indiretos.<\/p>\n\n\n\n<h2 class=\"wp-block-heading\"><strong>O Parque Municipal Linear Veredas<\/strong><\/h2>\n\n\n\n<p class=\"wp-block-paragraph\">Um dos pontos centrais do projeto \u00e9 o Parque Municipal Linear Veredas de Uberl\u00e2ndia, planejado em regime de compensa\u00e7\u00e3o conforme a Lei Municipal 14.803, publicada em junho.&nbsp;<\/p>\n\n\n\n<p class=\"wp-block-paragraph\">Com \u00e1rea total superior a 976,9 mil m\u00b2, o parque ser\u00e1 um dos principais conectores verdes da cidade e incluir\u00e1 percurso para eventos e feiras, espa\u00e7o l\u00fadico, academia ao ar livre, ambiente de praia, trilhas ecol\u00f3gicas, percurso sensorial, ciclovias e integra\u00e7\u00e3o com o Terminal Cana\u00e3.<\/p>\n\n\n\n<p class=\"wp-block-paragraph\">A execu\u00e7\u00e3o ser\u00e1 feita de forma gradual e pode se estender por at\u00e9 20 anos, com mecanismos de garantia ambiental para implanta\u00e7\u00e3o e recupera\u00e7\u00e3o da vegeta\u00e7\u00e3o.<\/p>\n","protected":false},"excerpt":{"rendered":"<p>A ITV Urbanismo anunciou \u00e0 Prefeitura de Uberl\u00e2ndia, na \u00faltima sexta-feira (28), a implanta\u00e7\u00e3o do bairro planejado Veredas na zona Oeste da cidade, com previs\u00e3o de R$ 2 bilh\u00f5es em investimentos e Valor Geral de Vendas estimado em R$ 3 bilh\u00f5es. O projeto, organizado em 28 fases, prev\u00ea uma popula\u00e7\u00e3o de aproximadamente 30 mil habitantes [&hellip;]<\/p>\n","protected":false},"author":3,"featured_media":8071,"comment_status":"closed","ping_status":"open","sticky":false,"template":"","format":"standard","meta":{"_acf_changed":false,"footnotes":""},"categories":[9,13],"tags":[],"class_list":["post-8070","post","type-post","status-publish","format-standard","has-post-thumbnail","hentry","category-economia","category-regional"],"acf":{"subtitulo":"Bairro Veredas ser\u00e1 implantado na zona Oeste com popula\u00e7\u00e3o estimada de 30 mil habitantes; parque linear ter\u00e1 mais de 976 mil m\u00b2 com trilhas, ciclovia, academia ao ar livre e integra\u00e7\u00e3o com o Terminal Cana\u00e3","oculta_home":false,"leitura_rapida":""},"_links":{"self":[{"href":"https:\/\/diariodocomercio.com.br\/geral\/wp-json\/wp\/v2\/posts\/8070","targetHints":{"allow":["GET"]}}],"collection":[{"href":"https:\/\/diariodocomercio.com.br\/geral\/wp-json\/wp\/v2\/posts"}],"about":[{"href":"https:\/\/diariodocomercio.com.br\/geral\/wp-json\/wp\/v2\/types\/post"}],"author":[{"embeddable":true,"href":"https:\/\/diariodocomercio.com.br\/geral\/wp-json\/wp\/v2\/users\/3"}],"replies":[{"embeddable":true,"href":"https:\/\/diariodocomercio.com.br\/geral\/wp-json\/wp\/v2\/comments?post=8070"}],"version-history":[{"count":1,"href":"https:\/\/diariodocomercio.com.br\/geral\/wp-json\/wp\/v2\/posts\/8070\/revisions"}],"predecessor-version":[{"id":8072,"href":"https:\/\/diariodocomercio.com.br\/geral\/wp-json\/wp\/v2\/posts\/8070\/revisions\/8072"}],"wp:featuredmedia":[{"embeddable":true,"href":"https:\/\/diariodocomercio.com.br\/geral\/wp-json\/wp\/v2\/media\/8071"}],"wp:attachment":[{"href":"https:\/\/diariodocomercio.com.br\/geral\/wp-json\/wp\/v2\/media?parent=8070"}],"wp:term":[{"taxonomy":"category","embeddable":true,"href":"https:\/\/diariodocomercio.com.br\/geral\/wp-json\/wp\/v2\/categories?post=8070"},{"taxonomy":"post_tag","embeddable":true,"href":"https:\/\/diariodocomercio.com.br\/geral\/wp-json\/wp\/v2\/tags?post=8070"}],"curies":[{"name":"wp","href":"https:\/\/api.w.org\/{rel}","templated":true}]}}