{"id":8078,"date":"2026-09-01T09:30:00","date_gmt":"2026-09-01T12:30:00","guid":{"rendered":"https:\/\/diariodocomercio.com.br\/geral\/?p=8078"},"modified":"2026-09-01T09:27:49","modified_gmt":"2026-09-01T12:27:49","slug":"debates-eleitorais","status":"publish","type":"post","link":"https:\/\/diariodocomercio.com.br\/geral\/debates-eleitorais\/","title":{"rendered":"Aus\u00eancias marcam debates eleitorais em Minas Gerais"},"content":{"rendered":"\n<p class=\"wp-block-paragraph\">A reta final da campanha para as elei\u00e7\u00f5es de outubro tem colocado em xeque o formato tradicional dos debates eleitorais em Minas Gerais e no restante do pa\u00eds. <\/p>\n\n\n\n<p class=\"wp-block-paragraph\">Dois epis\u00f3dios recentes chamaram aten\u00e7\u00e3o pela aus\u00eancia de candidatos favoritos, mesmo diante de convites formais das emissoras organizadoras.<\/p>\n\n\n\n<p class=\"wp-block-paragraph\">O primeiro caso ocorreu no debate presidencial promovido pela Band em parceria com o Estad\u00e3o, TV Cultura, TV Gazeta e Jovem Pan, no dia 23 de agosto, em S\u00e3o Paulo. Dos seis candidatos convidados, apenas tr\u00eas compareceram: Ronaldo Caiado (PSD), Augusto Cury (Avante) e Renan Santos (Miss\u00e3o). <\/p>\n\n\n\n<p class=\"wp-block-paragraph\">O presidente Luiz In\u00e1cio Lula da Silva (PT), o senador Fl\u00e1vio Bolsonaro (PL) e o ex-governador de Minas Gerais Romeu Zema (Novo), os tr\u00eas nomes mais bem colocados nas pesquisas de inten\u00e7\u00e3o de voto, optaram por n\u00e3o participar do primeiro confronto da temporada.<\/p>\n\n\n\n<h2 class=\"wp-block-heading\">Sabatina substitui debate ao governo de Minas Gerais<\/h2>\n\n\n\n<p class=\"wp-block-paragraph\">O segundo epis\u00f3dio aconteceu mais perto de casa. No dia 28 de agosto, a TV Horizonte, da Rede Catedral de Comunica\u00e7\u00e3o, promoveu em parceria com a revista Veja um debate entre os candidatos ao Governo de Minas Gerais. Dos cinco convidados, apenas Gabriel Azevedo (MDB) compareceu aos est\u00fadios da emissora, em Belo Horizonte. <\/p>\n\n\n\n<p class=\"wp-block-paragraph\">Diante da aus\u00eancia de Alexandre Kalil (PDT), Fl\u00e1vio Roscoe (PL), Mateus Sim\u00f5es (PSD) e Patrus Ananias (PT), a organiza\u00e7\u00e3o precisou adaptar o formato e transformar o encontro em uma sabatina de cerca de 30 minutos apenas com Gabriel, abordando temas como seguran\u00e7a p\u00fablica, infraestrutura, situa\u00e7\u00e3o fiscal do Estado e o futuro da Copasa.<\/p>\n\n\n\n<p class=\"wp-block-paragraph\">Segundo a pr\u00f3pria emissora, apenas Cleitinho Azevedo (Republicanos) n\u00e3o havia sequer confirmado presen\u00e7a previamente, j\u00e1 que o candidato afirmou que pretende participar somente do \u00faltimo debate da campanha, promovido pela TV Globo. <\/p>\n\n\n\n<p class=\"wp-block-paragraph\">Ap\u00f3s a sabatina, Gabriel Azevedo criticou publicamente a aus\u00eancia dos demais concorrentes, classificando a atitude como um desrespeito ao eleitorado mineiro.<\/p>\n\n\n\n<p class=\"wp-block-paragraph\">Esse epis\u00f3dio contrasta com o primeiro debate ao governo de Minas Gerais, promovido pela Band em 16 de agosto, que reuniu cinco dos seis candidatos convidados: Alexandre Kalil, Cleitinho Azevedo, Fl\u00e1vio Roscoe, Gabriel Azevedo e o atual governador Mateus Sim\u00f5es. S\u00f3 Patrus Ananias n\u00e3o compareceu, j\u00e1 que participava do lan\u00e7amento da campanha \u00e0 reelei\u00e7\u00e3o de Lula, em S\u00e3o Paulo, no mesmo dia.<\/p>\n\n\n\n<h2 class=\"wp-block-heading\">O que vem por a\u00ed no calend\u00e1rio de debates eleitorais?<\/h2>\n\n\n\n<p class=\"wp-block-paragraph\">Para a disputa presidencial, ainda est\u00e3o previstos tr\u00eas encontros antes do primeiro turno: em 14 de setembro, com o cons\u00f3rcio &#8220;Momento da Decis\u00e3o&#8221;, formado por ve\u00edculos como CNN Brasil, SBT, RedeTV! e R\u00e1dio Itatiaia; em 27 de setembro, pela Record; e em 1\u00ba de outubro, pela TV Globo, o \u00faltimo confronto antes da vota\u00e7\u00e3o, marcada para 4 de outubro.<\/p>\n\n\n\n<p class=\"wp-block-paragraph\">Na disputa mineira, o calend\u00e1rio tamb\u00e9m segue com novos encontros. No dia 1\u00ba de setembro, a R\u00e1dio TMC e a TV SIM Brasil promovem um debate presencial entre os candidatos ao Pal\u00e1cio Tiradentes. <\/p>\n\n\n\n<p class=\"wp-block-paragraph\">J\u00e1 em 29 de setembro, a TV Globo e suas afiliadas devem realizar a maior rodada de debates estaduais j\u00e1 anunciada at\u00e9 agora, reunindo candidatos a governador de 26 estados e do Distrito Federal, incluindo Minas Gerais, na reta final antes das urnas.<\/p>\n","protected":false},"excerpt":{"rendered":"<p>A reta final da campanha para as elei\u00e7\u00f5es de outubro tem colocado em xeque o formato tradicional dos debates eleitorais em Minas Gerais e no restante do pa\u00eds. Dois epis\u00f3dios recentes chamaram aten\u00e7\u00e3o pela aus\u00eancia de candidatos favoritos, mesmo diante de convites formais das emissoras organizadoras. O primeiro caso ocorreu no debate presidencial promovido pela [&hellip;]<\/p>\n","protected":false},"author":5,"featured_media":8080,"comment_status":"closed","ping_status":"open","sticky":false,"template":"","format":"standard","meta":{"_acf_changed":false,"footnotes":""},"categories":[1,10],"tags":[163],"class_list":["post-8078","post","type-post","status-publish","format-standard","has-post-thumbnail","hentry","category-geral","category-politica","tag-eleicoes"],"acf":{"subtitulo":"Debate da Band teve baixa ades\u00e3o de presidenci\u00e1veis, e sabatina da TV Horizonte contou com apenas um candidato ao governo mineiro.","oculta_home":false,"leitura_rapida":""},"_links":{"self":[{"href":"https:\/\/diariodocomercio.com.br\/geral\/wp-json\/wp\/v2\/posts\/8078","targetHints":{"allow":["GET"]}}],"collection":[{"href":"https:\/\/diariodocomercio.com.br\/geral\/wp-json\/wp\/v2\/posts"}],"about":[{"href":"https:\/\/diariodocomercio.com.br\/geral\/wp-json\/wp\/v2\/types\/post"}],"author":[{"embeddable":true,"href":"https:\/\/diariodocomercio.com.br\/geral\/wp-json\/wp\/v2\/users\/5"}],"replies":[{"embeddable":true,"href":"https:\/\/diariodocomercio.com.br\/geral\/wp-json\/wp\/v2\/comments?post=8078"}],"version-history":[{"count":5,"href":"https:\/\/diariodocomercio.com.br\/geral\/wp-json\/wp\/v2\/posts\/8078\/revisions"}],"predecessor-version":[{"id":8084,"href":"https:\/\/diariodocomercio.com.br\/geral\/wp-json\/wp\/v2\/posts\/8078\/revisions\/8084"}],"wp:featuredmedia":[{"embeddable":true,"href":"https:\/\/diariodocomercio.com.br\/geral\/wp-json\/wp\/v2\/media\/8080"}],"wp:attachment":[{"href":"https:\/\/diariodocomercio.com.br\/geral\/wp-json\/wp\/v2\/media?parent=8078"}],"wp:term":[{"taxonomy":"category","embeddable":true,"href":"https:\/\/diariodocomercio.com.br\/geral\/wp-json\/wp\/v2\/categories?post=8078"},{"taxonomy":"post_tag","embeddable":true,"href":"https:\/\/diariodocomercio.com.br\/geral\/wp-json\/wp\/v2\/tags?post=8078"}],"curies":[{"name":"wp","href":"https:\/\/api.w.org\/{rel}","templated":true}]}}