{"id":8095,"date":"2026-09-01T10:43:31","date_gmt":"2026-09-01T13:43:31","guid":{"rendered":"https:\/\/diariodocomercio.com.br\/geral\/?p=8095"},"modified":"2026-09-01T10:43:32","modified_gmt":"2026-09-01T13:43:32","slug":"novos-radares-em-juiz-de-fora","status":"publish","type":"post","link":"https:\/\/diariodocomercio.com.br\/geral\/novos-radares-em-juiz-de-fora\/","title":{"rendered":"Novos radares come\u00e7am a multar hoje em Juiz de Fora; saiba onde ficam"},"content":{"rendered":"\n<p class=\"wp-block-paragraph\">Tr\u00eas novos radares em Juiz de Fora passam a multar motoristas nesta ter\u00e7a-feira (1\u00b0), enquanto outros tr\u00eas ainda aguardam aprova\u00e7\u00e3o t\u00e9cnica. A cidade j\u00e1 tem 41 equipamentos em opera\u00e7\u00e3o e aplicou <a href=\"https:\/\/diariodocomercio.com.br\/geral\/radares-juiz-de-fora-multas-primeiro-semestre-2026\/\">mais de 75 mil multas<\/a> s\u00f3 no primeiro semestre deste ano.<\/p>\n\n\n\n<p class=\"wp-block-paragraph\">Entre janeiro e abril deste ano, o Painel de Acidentes de Tr\u00e2nsito da Secretaria de Estado de Justi\u00e7a e Seguran\u00e7a P\u00fablica de Minas Gerais registrou mais de 2,3 mil ocorr\u00eancias nas vias de Juiz de Fora. No mesmo per\u00edodo, o HPS, o Hospital de Pronto Socorro Dr. Mozart Teixeira, atendeu cerca de 1,7 mil v\u00edtimas, conforme a Secretaria de Sa\u00fade municipal. A Secretaria de Mobilidade Urbana usou esses \u00edndices para definir onde instalar os novos pontos. Todos os equipamentos passaram por aprova\u00e7\u00e3o t\u00e9cnica do Inmetro antes de entrar em opera\u00e7\u00e3o.&nbsp;<\/p>\n\n\n\n<h2 class=\"wp-block-heading\"><strong>Os tr\u00eas pontos onde os radares em Juiz de Fora j\u00e1 multam<\/strong><\/h2>\n\n\n\n<p class=\"wp-block-paragraph\">Os equipamentos est\u00e3o distribu\u00eddos em tr\u00eas bairros e fiscalizam velocidade, avan\u00e7o de sem\u00e1foro e parada sobre a faixa de pedestres:<\/p>\n\n\n\n<ul class=\"wp-block-list\">\n<li>Avenida Bar\u00e3o do Rio Branco, 4466, bairro Bom Pastor: velocidade no sentido centro\/bairro, limite de 50 km\/h<\/li>\n\n\n\n<li>Rua Benjamin Constant, acesso ao Viaduto Roza Cabinda, Centro: limite de 40 km\/h<\/li>\n\n\n\n<li>Rua Am\u00e9rico Lobo, cruzamento com a Avenida Bar\u00e3o do Rio Branco, Centen\u00e1rio: velocidade acima de 50 km\/h, avan\u00e7o de sem\u00e1foro e parada sobre a faixa de pedestres. \u00c9 o \u00fanico dos tr\u00eas com fiscaliza\u00e7\u00e3o m\u00faltipla<\/li>\n<\/ul>\n\n\n\n<h2 class=\"wp-block-heading\"><strong>Outros tr\u00eas pontos ainda n\u00e3o autuam<\/strong><\/h2>\n\n\n\n<p class=\"wp-block-paragraph\">A <a href=\"https:\/\/www.pjf.mg.gov.br\/\" target=\"_blank\" rel=\"noopener\">Prefeitura de Juiz de Fora<\/a> tamb\u00e9m confirmou tr\u00eas novos pontos, mas nenhum tem prazo definido para come\u00e7ar a autuar:&nbsp;&nbsp;<\/p>\n\n\n\n<ul class=\"wp-block-list\">\n<li>Rua Dr. Henrique Burnier, ap\u00f3s o cruzamento com a Rua Jo\u00e3o Evangelista Delgado, bairro Mariano Proc\u00f3pio, limite de 50 km\/h<\/li>\n\n\n\n<li>Avenida Eug\u00eanio do Nascimento, 228, bairro Aeroporto, monitoramento nos dois sentidos, limite de 50 km\/h<\/li>\n\n\n\n<li>Avenida Orlando Riani, 147, bairro Filgueiras, monitoramento nos dois sentidos, limite de 50 km\/h<\/li>\n<\/ul>\n","protected":false},"excerpt":{"rendered":"<p>Tr\u00eas novos radares em Juiz de Fora passam a multar motoristas nesta ter\u00e7a-feira (1\u00b0), enquanto outros tr\u00eas ainda aguardam aprova\u00e7\u00e3o t\u00e9cnica. A cidade j\u00e1 tem 41 equipamentos em opera\u00e7\u00e3o e aplicou mais de 75 mil multas s\u00f3 no primeiro semestre deste ano. Entre janeiro e abril deste ano, o Painel de Acidentes de Tr\u00e2nsito da [&hellip;]<\/p>\n","protected":false},"author":4,"featured_media":8103,"comment_status":"closed","ping_status":"open","sticky":false,"template":"","format":"standard","meta":{"_acf_changed":false,"footnotes":""},"categories":[11],"tags":[],"class_list":["post-8095","post","type-post","status-publish","format-standard","has-post-thumbnail","hentry","category-cidades"],"acf":{"subtitulo":"Dos seis equipamentos novos, tr\u00eas aguardam certifica\u00e7\u00e3o. Um dos ativos fiscaliza velocidade, sem\u00e1foro e parada na faixa ao mesmo tempo","oculta_home":false,"leitura_rapida":""},"_links":{"self":[{"href":"https:\/\/diariodocomercio.com.br\/geral\/wp-json\/wp\/v2\/posts\/8095","targetHints":{"allow":["GET"]}}],"collection":[{"href":"https:\/\/diariodocomercio.com.br\/geral\/wp-json\/wp\/v2\/posts"}],"about":[{"href":"https:\/\/diariodocomercio.com.br\/geral\/wp-json\/wp\/v2\/types\/post"}],"author":[{"embeddable":true,"href":"https:\/\/diariodocomercio.com.br\/geral\/wp-json\/wp\/v2\/users\/4"}],"replies":[{"embeddable":true,"href":"https:\/\/diariodocomercio.com.br\/geral\/wp-json\/wp\/v2\/comments?post=8095"}],"version-history":[{"count":5,"href":"https:\/\/diariodocomercio.com.br\/geral\/wp-json\/wp\/v2\/posts\/8095\/revisions"}],"predecessor-version":[{"id":8102,"href":"https:\/\/diariodocomercio.com.br\/geral\/wp-json\/wp\/v2\/posts\/8095\/revisions\/8102"}],"wp:featuredmedia":[{"embeddable":true,"href":"https:\/\/diariodocomercio.com.br\/geral\/wp-json\/wp\/v2\/media\/8103"}],"wp:attachment":[{"href":"https:\/\/diariodocomercio.com.br\/geral\/wp-json\/wp\/v2\/media?parent=8095"}],"wp:term":[{"taxonomy":"category","embeddable":true,"href":"https:\/\/diariodocomercio.com.br\/geral\/wp-json\/wp\/v2\/categories?post=8095"},{"taxonomy":"post_tag","embeddable":true,"href":"https:\/\/diariodocomercio.com.br\/geral\/wp-json\/wp\/v2\/tags?post=8095"}],"curies":[{"name":"wp","href":"https:\/\/api.w.org\/{rel}","templated":true}]}}