{"id":8107,"date":"2026-09-01T11:45:00","date_gmt":"2026-09-01T14:45:00","guid":{"rendered":"https:\/\/diariodocomercio.com.br\/geral\/?p=8107"},"modified":"2026-09-01T11:38:04","modified_gmt":"2026-09-01T14:38:04","slug":"barragem-do-bicano-mpf","status":"publish","type":"post","link":"https:\/\/diariodocomercio.com.br\/geral\/barragem-do-bicano-mpf\/","title":{"rendered":"Com risco de colapso em barragem de MG, MPF exige que Incra libere R$ 3 milh\u00f5es"},"content":{"rendered":"\n<p class=\"wp-block-paragraph\">A Barragem do Bicano, em Campina Verde, no Tri\u00e2ngulo Mineiro, est\u00e1 em situa\u00e7\u00e3o de emerg\u00eancia com risco iminente de rompimento. Mesmo assim, os R$ 3 milh\u00f5es necess\u00e1rios para o desmonte da estrutura seguem retidos na dire\u00e7\u00e3o nacional do <a href=\"https:\/\/www.incra.gov.br\" target=\"_blank\" rel=\"noopener\"><\/a>Instituto Nacional de Coloniza\u00e7\u00e3o e Reforma Agr\u00e1ria (Incra) desde 2024, segundo o <a href=\"https:\/\/www.mpf.mp.br\" target=\"_blank\" rel=\"noopener\">Minist\u00e9rio P\u00fablico Federal<\/a> (MPF).<\/p>\n\n\n\n<p class=\"wp-block-paragraph\">Diante do impasse, o <a href=\"https:\/\/www.mpf.mp.br\" target=\"_blank\" rel=\"noopener\"><\/a>MPF apresentou manifesta\u00e7\u00e3o \u00e0 Justi\u00e7a Federal pedindo que o Incra comprove a libera\u00e7\u00e3o dos recursos em at\u00e9 15 dias, com multa de R$ 10 mil por dia em caso de descumprimento.<\/p>\n\n\n\n<p class=\"wp-block-paragraph\">Vistorias estaduais identificaram sinais de eros\u00e3o, infiltra\u00e7\u00e3o de \u00e1gua e falta de manuten\u00e7\u00e3o na represa. Os problemas fizeram o n\u00edvel de alerta subir para emerg\u00eancia.<\/p>\n\n\n\n<p class=\"wp-block-paragraph\">Ap\u00f3s a reclassifica\u00e7\u00e3o, o Instituto Mineiro de Gest\u00e3o das \u00c1guas (Igam) e as defesas civis municipal e estadual retiraram os moradores da \u00e1rea de risco, fecharam as vias de acesso e constru\u00edram um desvio tempor\u00e1rio para baixar o n\u00edvel do reservat\u00f3rio.<\/p>\n\n\n\n<h2 class=\"wp-block-heading\"><strong>Como a Barragem do Bicano virou responsabilidade do Incra<\/strong><\/h2>\n\n\n\n<p class=\"wp-block-paragraph\">O Incra argumenta que a represa existe desde 1930 e que passou a administrar as terras apenas em 1997, sem ter participado da constru\u00e7\u00e3o. Com a incorpora\u00e7\u00e3o, por\u00e9m, a responsabilidade legal pela seguran\u00e7a da estrutura passou para o \u00f3rg\u00e3o, segundo o MPF.<\/p>\n\n\n\n<p class=\"wp-block-paragraph\">O Incra diz adotar medidas desde 2022. O procurador da Rep\u00fablica Gustavo Kenner Alc\u00e2ntara, \u00e0 frente da investiga\u00e7\u00e3o, afirmou que o \u00f3rg\u00e3o sistematicamente descumpre prazos e s\u00f3 age quando obrigado pela Justi\u00e7a, o que justifica fixar um limite imediato com multa.<\/p>\n\n\n\n<p class=\"wp-block-paragraph\"><strong>MPF pede 15 dias para libera\u00e7\u00e3o dos R$ 3 milh\u00f5es<\/strong><\/p>\n\n\n\n<p class=\"wp-block-paragraph\">Al\u00e9m do prazo e da multa, a a\u00e7\u00e3o movida por MG e pelo Igam exige que o Incra contrate uma avalia\u00e7\u00e3o t\u00e9cnica do solo e da estrutura e apresente, em 30 dias, um plano de interven\u00e7\u00e3o com vigil\u00e2ncia de 24 horas e relat\u00f3rios semanais. O Incra tamb\u00e9m deve provar que mant\u00e9m sistema de alerta para evacua\u00e7\u00e3o no mesmo prazo.<\/p>\n\n\n\n<p class=\"wp-block-paragraph\">Para a solu\u00e7\u00e3o definitiva, o prazo \u00e9 de 90 dias para licenciamento ambiental e documenta\u00e7\u00e3o de seguran\u00e7a obrigat\u00f3ria.<\/p>\n","protected":false},"excerpt":{"rendered":"<p>A Barragem do Bicano, em Campina Verde, no Tri\u00e2ngulo Mineiro, est\u00e1 em situa\u00e7\u00e3o de emerg\u00eancia com risco iminente de rompimento. Mesmo assim, os R$ 3 milh\u00f5es necess\u00e1rios para o desmonte da estrutura seguem retidos na dire\u00e7\u00e3o nacional do Instituto Nacional de Coloniza\u00e7\u00e3o e Reforma Agr\u00e1ria (Incra) desde 2024, segundo o Minist\u00e9rio P\u00fablico Federal (MPF). Diante [&hellip;]<\/p>\n","protected":false},"author":4,"featured_media":8115,"comment_status":"closed","ping_status":"open","sticky":false,"template":"","format":"standard","meta":{"_acf_changed":false,"footnotes":""},"categories":[11],"tags":[],"class_list":["post-8107","post","type-post","status-publish","format-standard","has-post-thumbnail","hentry","category-cidades"],"acf":{"subtitulo":"\u00d3rg\u00e3o tem 15 dias para comprovar libera\u00e7\u00e3o dos recursos, sob risco de multa de R$ 10 mil por dia","oculta_home":false,"leitura_rapida":""},"_links":{"self":[{"href":"https:\/\/diariodocomercio.com.br\/geral\/wp-json\/wp\/v2\/posts\/8107","targetHints":{"allow":["GET"]}}],"collection":[{"href":"https:\/\/diariodocomercio.com.br\/geral\/wp-json\/wp\/v2\/posts"}],"about":[{"href":"https:\/\/diariodocomercio.com.br\/geral\/wp-json\/wp\/v2\/types\/post"}],"author":[{"embeddable":true,"href":"https:\/\/diariodocomercio.com.br\/geral\/wp-json\/wp\/v2\/users\/4"}],"replies":[{"embeddable":true,"href":"https:\/\/diariodocomercio.com.br\/geral\/wp-json\/wp\/v2\/comments?post=8107"}],"version-history":[{"count":3,"href":"https:\/\/diariodocomercio.com.br\/geral\/wp-json\/wp\/v2\/posts\/8107\/revisions"}],"predecessor-version":[{"id":8122,"href":"https:\/\/diariodocomercio.com.br\/geral\/wp-json\/wp\/v2\/posts\/8107\/revisions\/8122"}],"wp:featuredmedia":[{"embeddable":true,"href":"https:\/\/diariodocomercio.com.br\/geral\/wp-json\/wp\/v2\/media\/8115"}],"wp:attachment":[{"href":"https:\/\/diariodocomercio.com.br\/geral\/wp-json\/wp\/v2\/media?parent=8107"}],"wp:term":[{"taxonomy":"category","embeddable":true,"href":"https:\/\/diariodocomercio.com.br\/geral\/wp-json\/wp\/v2\/categories?post=8107"},{"taxonomy":"post_tag","embeddable":true,"href":"https:\/\/diariodocomercio.com.br\/geral\/wp-json\/wp\/v2\/tags?post=8107"}],"curies":[{"name":"wp","href":"https:\/\/api.w.org\/{rel}","templated":true}]}}