{"id":8114,"date":"2026-09-01T12:00:00","date_gmt":"2026-09-01T15:00:00","guid":{"rendered":"https:\/\/diariodocomercio.com.br\/geral\/?p=8114"},"modified":"2026-09-01T11:30:13","modified_gmt":"2026-09-01T14:30:13","slug":"laboratorio-de-audiovisual","status":"publish","type":"post","link":"https:\/\/diariodocomercio.com.br\/geral\/laboratorio-de-audiovisual\/","title":{"rendered":"Sesc oferece vagas gratuitas em Laborat\u00f3rio de Audiovisual em Cataguases"},"content":{"rendered":"\n<p class=\"wp-block-paragraph\">O Sistema Fecom\u00e9rcio MG, por meio do Sesc em Minas, abriu inscri\u00e7\u00f5es gratuitas para o Laborat\u00f3rio de Audiovisual em Cataguases, na Zona da Mata mineira. <\/p>\n\n\n\n<p class=\"wp-block-paragraph\">A atividade acontece entre os dias 14 e 18 de setembro, na unidade do Sesc na cidade, e \u00e9 aberta a pessoas de todas as idades interessadas em cultura e entretenimento, incluindo estudantes e profissionais de cinema, comunica\u00e7\u00e3o e artes.<\/p>\n\n\n\n<p class=\"wp-block-paragraph\">As vagas s\u00e3o limitadas, e as inscri\u00e7\u00f5es podem ser feitas at\u00e9 o dia 7 de setembro por meio de formul\u00e1rio dispon\u00edvel no site do Sesc em Minas. Neste ano, o Laborat\u00f3rio de Audiovisual j\u00e1 passou por Belo Horizonte e Pouso Alegre antes de chegar a Cataguases.<\/p>\n\n\n\n<p class=\"wp-block-paragraph\">A edi\u00e7\u00e3o na cidade vai trabalhar o tema Desenvolvimento Coletivo de Projetos Audiovisuais, com cinco encontros presenciais de tr\u00eas horas de dura\u00e7\u00e3o cada, realizados na unidade do Sesc, no Centro de Cataguases. A proposta re\u00fane participantes com diferentes n\u00edveis de experi\u00eancia, do iniciante interessado no assunto ao profissional que j\u00e1 tem um projeto audiovisual em desenvolvimento.<\/p>\n\n\n\n<p class=\"wp-block-paragraph\">Al\u00e9m dos encontros presenciais, a programa\u00e7\u00e3o contar\u00e1 com uma aula on-line e gratuita, com datas e inscri\u00e7\u00f5es que ainda ser\u00e3o divulgadas pelo Sesc. A ideia \u00e9 ampliar o alcance da iniciativa para al\u00e9m do p\u00fablico que pode se deslocar at\u00e9 a unidade f\u00edsica.<\/p>\n\n\n\n<h2 class=\"wp-block-heading\">Quem conduz os encontros do Laborat\u00f3rio de Audiovisual<\/h2>\n\n\n\n<p class=\"wp-block-paragraph\">As mediadoras respons\u00e1veis pela edi\u00e7\u00e3o de Cataguases s\u00e3o as cineastas La\u00eds Melo e Bea Gerolin. La\u00eds \u00e9 roteirista, diretora e educadora popular em cinema, natural de Curitiba, com trabalhos voltados \u00e0s viol\u00eancias vividas pela classe trabalhadora e suas possibilidades de reinven\u00e7\u00e3o, incluindo participa\u00e7\u00e3o nas produ\u00e7\u00f5es Deserto Particular e na s\u00e9rie Cartas para o Futuro. <\/p>\n\n\n\n<p class=\"wp-block-paragraph\">Bea Gerolin \u00e9 diretora art\u00edstica do Griot, Festival de Cinema Negro Brasileiro, al\u00e9m de roteirista e diretora de arte, com passagens por filmes como Alice J\u00fanior e Um Dia com Jerusa, exibidos em festivais nacionais e internacionais.<\/p>\n\n\n\n<h2 class=\"wp-block-heading\">Como funciona a metodologia colaborativa do curso<\/h2>\n\n\n\n<p class=\"wp-block-paragraph\">Criado em 2025 com foco exclusivo em roteiro, o Laborat\u00f3rio de Audiovisual ampliou seu escopo em 2026 e passou a funcionar como um formato modular, capaz de abordar tem\u00e1ticas diferentes a cada edi\u00e7\u00e3o e cidade, contemplando etapas distintas da cadeia de produ\u00e7\u00e3o audiovisual.<\/p>\n\n\n\n<p class=\"wp-block-paragraph\">A metodologia se baseia em processos colaborativos de cria\u00e7\u00e3o, incentivando a troca horizontal entre participantes e mediadoras. Na pr\u00e1tica, cada pessoa compartilha seus pr\u00f3prios projetos, refer\u00eancias e experi\u00eancias, contribuindo coletivamente para o desenvolvimento das propostas de todo o grupo, em vez de seguir um modelo tradicional de aula expositiva.<\/p>\n\n\n\n<h2 class=\"wp-block-heading\">Cataguases \u00e9 refer\u00eancia no audiovisual mineiro<\/h2>\n\n\n\n<p class=\"wp-block-paragraph\">A escolha de Cataguases para sediar o Laborat\u00f3rio de Audiovisual n\u00e3o \u00e9 aleat\u00f3ria. A cidade \u00e9 considerada o principal polo audiovisual da Zona da Mata mineira, reconhecida oficialmente pelo governo de Minas Gerais como Arranjo Produtivo Local do setor desde os anos 2000. <\/p>\n\n\n\n<p class=\"wp-block-paragraph\">O munic\u00edpio \u00e9 terra natal do cineasta Humberto Mauro, um dos nomes fundamentais da hist\u00f3ria do cinema brasileiro, e re\u00fane hoje estruturas como o Animaparque, polo dedicado \u00e0 produ\u00e7\u00e3o de anima\u00e7\u00e3o, al\u00e9m de escolas t\u00e9cnicas voltadas \u00e0 forma\u00e7\u00e3o audiovisual.<\/p>\n\n\n\n<p class=\"wp-block-paragraph\">Ao longo de mais de duas d\u00e9cadas, a cadeia produtiva de cinema em Cataguases j\u00e1 reuniu dezenas de produ\u00e7\u00f5es, gerou milhares de postos de trabalho tempor\u00e1rios e movimentou milh\u00f5es de reais em investimentos na economia local, consolidando a cidade como um dos principais centros de forma\u00e7\u00e3o e produ\u00e7\u00e3o do interior do pa\u00eds.<\/p>\n\n\n\n<h2 class=\"wp-block-heading\">Como se inscrever no Laborat\u00f3rio de Audiovisual<\/h2>\n\n\n\n<p class=\"wp-block-paragraph\">O Laborat\u00f3rio de Audiovisual em Cataguases complementa outras iniciativas do Sesc em Minas voltadas ao setor, que incluem mostras de exibi\u00e7\u00e3o, como a Mostra Sesc de Cinema e o Cine Sesc, al\u00e9m de a\u00e7\u00f5es de forma\u00e7\u00e3o ligadas ao N\u00facleo de Forma\u00e7\u00e3o em Audiovisual. <\/p>\n\n\n\n<p class=\"wp-block-paragraph\">O conjunto dessas atividades busca democratizar o acesso ao conhecimento sobre cinema e produ\u00e7\u00e3o audiovisual em diferentes regi\u00f5es do estado.<\/p>\n\n\n\n<p class=\"wp-block-paragraph\">Quem tiver interesse em participar deve preencher o <a href=\"https:\/\/forms.cloud.microsoft\/pages\/responsepage.aspx?id=L5t-OhVC_kuyUTU-PMFxQ_rwe2eJzqFNjfRdJXtEs4JUMU8xV1ZQWVZJVTJHUjYzUlNXRFkxN05EWS4u&amp;route=shorturl\" target=\"_blank\" rel=\"noreferrer noopener\">formul\u00e1rio de inscri\u00e7\u00e3o<\/a> dispon\u00edvel no site do Sesc em Minas at\u00e9 o dia 7 de setembro. <\/p>\n\n\n\n<p class=\"wp-block-paragraph\">As vagas s\u00e3o limitadas e a participa\u00e7\u00e3o \u00e9 totalmente gratuita, bastando estar dentro do prazo estabelecido para garantir um lugar em um dos cinco encontros presenciais programados para a segunda quinzena de setembro.<\/p>\n","protected":false},"excerpt":{"rendered":"<p>O Sistema Fecom\u00e9rcio MG, por meio do Sesc em Minas, abriu inscri\u00e7\u00f5es gratuitas para o Laborat\u00f3rio de Audiovisual em Cataguases, na Zona da Mata mineira. A atividade acontece entre os dias 14 e 18 de setembro, na unidade do Sesc na cidade, e \u00e9 aberta a pessoas de todas as idades interessadas em cultura e [&hellip;]<\/p>\n","protected":false},"author":5,"featured_media":8121,"comment_status":"closed","ping_status":"open","sticky":false,"template":"","format":"standard","meta":{"_acf_changed":false,"footnotes":""},"categories":[1],"tags":[],"class_list":["post-8114","post","type-post","status-publish","format-standard","has-post-thumbnail","hentry","category-geral"],"acf":{"subtitulo":"Inscri\u00e7\u00f5es v\u00e3o at\u00e9 7 de setembro para participar gratuitamente.","oculta_home":false,"leitura_rapida":""},"_links":{"self":[{"href":"https:\/\/diariodocomercio.com.br\/geral\/wp-json\/wp\/v2\/posts\/8114","targetHints":{"allow":["GET"]}}],"collection":[{"href":"https:\/\/diariodocomercio.com.br\/geral\/wp-json\/wp\/v2\/posts"}],"about":[{"href":"https:\/\/diariodocomercio.com.br\/geral\/wp-json\/wp\/v2\/types\/post"}],"author":[{"embeddable":true,"href":"https:\/\/diariodocomercio.com.br\/geral\/wp-json\/wp\/v2\/users\/5"}],"replies":[{"embeddable":true,"href":"https:\/\/diariodocomercio.com.br\/geral\/wp-json\/wp\/v2\/comments?post=8114"}],"version-history":[{"count":4,"href":"https:\/\/diariodocomercio.com.br\/geral\/wp-json\/wp\/v2\/posts\/8114\/revisions"}],"predecessor-version":[{"id":8120,"href":"https:\/\/diariodocomercio.com.br\/geral\/wp-json\/wp\/v2\/posts\/8114\/revisions\/8120"}],"wp:featuredmedia":[{"embeddable":true,"href":"https:\/\/diariodocomercio.com.br\/geral\/wp-json\/wp\/v2\/media\/8121"}],"wp:attachment":[{"href":"https:\/\/diariodocomercio.com.br\/geral\/wp-json\/wp\/v2\/media?parent=8114"}],"wp:term":[{"taxonomy":"category","embeddable":true,"href":"https:\/\/diariodocomercio.com.br\/geral\/wp-json\/wp\/v2\/categories?post=8114"},{"taxonomy":"post_tag","embeddable":true,"href":"https:\/\/diariodocomercio.com.br\/geral\/wp-json\/wp\/v2\/tags?post=8114"}],"curies":[{"name":"wp","href":"https:\/\/api.w.org\/{rel}","templated":true}]}}