{"id":8123,"date":"2026-09-01T12:15:00","date_gmt":"2026-09-01T15:15:00","guid":{"rendered":"https:\/\/diariodocomercio.com.br\/geral\/?p=8123"},"modified":"2026-09-01T12:11:39","modified_gmt":"2026-09-01T15:11:39","slug":"obras-no-trevo-do-belvedere-fecham","status":"publish","type":"post","link":"https:\/\/diariodocomercio.com.br\/geral\/obras-no-trevo-do-belvedere-fecham\/","title":{"rendered":"Obras no trevo do Belvedere fecham a BR-356 a partir de s\u00e1bado"},"content":{"rendered":"\n<p class=\"wp-block-paragraph\">A BR-356 vai fechar completamente neste fim de semana por causa das obras do trevo do Belvedere. A interdi\u00e7\u00e3o come\u00e7a \u00e0s 12h de s\u00e1bado (5) e vai at\u00e9 a manh\u00e3 de segunda-feira (7), feriado da Independ\u00eancia, com impacto estimado em 60 mil ve\u00edculos. O bloqueio ocorre na pista que passa por baixo do viaduto da Raja Gabaglia, na altura do BH Shopping.<\/p>\n\n\n\n<p class=\"wp-block-paragraph\">O fechamento \u00e9 para o i\u00e7amento de tr\u00eas vigas de a\u00e7o que v\u00e3o ampliar a plataforma do viaduto na Raja Gabaglia. A mais pesada tem 101 toneladas e 36 metros de comprimento. Para ergu\u00ea-la, a <a href=\"https:\/\/prefeitura.pbh.gov.br\/\" target=\"_blank\" rel=\"noopener\">Prefeitura de Belo Horizonte<\/a> mobilizou um guindaste de 500 toneladas.<\/p>\n\n\n\n<h2 class=\"wp-block-heading\"><strong>Veja os bloqueios e os desvios no trevo do Belvedere<\/strong><\/h2>\n\n\n\n<p class=\"wp-block-paragraph\">\u00c0s 7h de s\u00e1bado, os trabalhos come\u00e7am com o bloqueio de uma faixa na avenida Nossa Senhora do Carmo, no trecho sentido Centro, para acomodar os equipamentos. Quem seguir nessa dire\u00e7\u00e3o usa a pista lateral, \u00e0 direita.<\/p>\n\n\n\n<p class=\"wp-block-paragraph\">O fechamento total da BR-356 come\u00e7a ao meio-dia. A pista segue bloqueada nos dois sentidos at\u00e9 meia-noite de domingo (6), quando a interdi\u00e7\u00e3o total \u00e9 encerrada.<\/p>\n\n\n\n<p class=\"wp-block-paragraph\">Saindo de BH rumo ao Rio de Janeiro, o motorista usa um sem\u00e1foro provis\u00f3rio no canteiro central da Raja Gabaglia para cruzar a pista.<\/p>\n\n\n\n<p class=\"wp-block-paragraph\">Quem vem no sentido contr\u00e1rio e vai direto a BH usa o Novo Anel. Para acessar o BH Shopping vindo do Rio, o caminho \u00e9 pela marginal, com retorno na pra\u00e7a Marcelo G\u00f3es Menicucci.<\/p>\n\n\n\n<p class=\"wp-block-paragraph\">A Guarda Municipal e o Batalh\u00e3o de Tr\u00e2nsito da PM v\u00e3o atuar ao lado da BHTrans nos principais acessos da regi\u00e3o durante todo o per\u00edodo.<\/p>\n\n\n\n<h2 class=\"wp-block-heading\"><strong>Obra de R$ 22,8 milh\u00f5es com conclus\u00e3o em 2027<\/strong><\/h2>\n\n\n\n<p class=\"wp-block-paragraph\">O projeto amplia o viaduto da Raja Gabaglia para receber uma faixa a mais, passando de cinco para seis, al\u00e9m de incluir ajustes nas al\u00e7as e uma nova faixa no sentido Nova Lima a BH.<\/p>\n\n\n\n<p class=\"wp-block-paragraph\">Retomadas com nova empresa ap\u00f3s paralisa\u00e7\u00e3o, as obras custam R$ 22,8 milh\u00f5es em verba municipal, com entrega prevista para 2027, conforme a Prefeitura. A regi\u00e3o ainda vai ganhar o <a href=\"https:\/\/diariodocomercio.com.br\/geral\/viaduto-ferradura-liga-bh-nova-lima\/\">viaduto Ferradura<\/a>, obra de R$ 42 milh\u00f5es que vai conectar a MG-030 \u00e0 BR-356 sem passar pelo trevo.<\/p>\n","protected":false},"excerpt":{"rendered":"<p>A BR-356 vai fechar completamente neste fim de semana por causa das obras do trevo do Belvedere. A interdi\u00e7\u00e3o come\u00e7a \u00e0s 12h de s\u00e1bado (5) e vai at\u00e9 a manh\u00e3 de segunda-feira (7), feriado da Independ\u00eancia, com impacto estimado em 60 mil ve\u00edculos. O bloqueio ocorre na pista que passa por baixo do viaduto da [&hellip;]<\/p>\n","protected":false},"author":4,"featured_media":4038,"comment_status":"closed","ping_status":"open","sticky":false,"template":"","format":"standard","meta":{"_acf_changed":false,"footnotes":""},"categories":[11],"tags":[],"class_list":["post-8123","post","type-post","status-publish","format-standard","has-post-thumbnail","hentry","category-cidades"],"acf":{"subtitulo":"Bloqueio come\u00e7a ao meio-dia de s\u00e1bado e afeta 60 mil ve\u00edculos at\u00e9 o feriado da Independ\u00eancia","oculta_home":false,"leitura_rapida":""},"_links":{"self":[{"href":"https:\/\/diariodocomercio.com.br\/geral\/wp-json\/wp\/v2\/posts\/8123","targetHints":{"allow":["GET"]}}],"collection":[{"href":"https:\/\/diariodocomercio.com.br\/geral\/wp-json\/wp\/v2\/posts"}],"about":[{"href":"https:\/\/diariodocomercio.com.br\/geral\/wp-json\/wp\/v2\/types\/post"}],"author":[{"embeddable":true,"href":"https:\/\/diariodocomercio.com.br\/geral\/wp-json\/wp\/v2\/users\/4"}],"replies":[{"embeddable":true,"href":"https:\/\/diariodocomercio.com.br\/geral\/wp-json\/wp\/v2\/comments?post=8123"}],"version-history":[{"count":2,"href":"https:\/\/diariodocomercio.com.br\/geral\/wp-json\/wp\/v2\/posts\/8123\/revisions"}],"predecessor-version":[{"id":8125,"href":"https:\/\/diariodocomercio.com.br\/geral\/wp-json\/wp\/v2\/posts\/8123\/revisions\/8125"}],"wp:featuredmedia":[{"embeddable":true,"href":"https:\/\/diariodocomercio.com.br\/geral\/wp-json\/wp\/v2\/media\/4038"}],"wp:attachment":[{"href":"https:\/\/diariodocomercio.com.br\/geral\/wp-json\/wp\/v2\/media?parent=8123"}],"wp:term":[{"taxonomy":"category","embeddable":true,"href":"https:\/\/diariodocomercio.com.br\/geral\/wp-json\/wp\/v2\/categories?post=8123"},{"taxonomy":"post_tag","embeddable":true,"href":"https:\/\/diariodocomercio.com.br\/geral\/wp-json\/wp\/v2\/tags?post=8123"}],"curies":[{"name":"wp","href":"https:\/\/api.w.org\/{rel}","templated":true}]}}