{"id":8126,"date":"2026-09-01T12:30:00","date_gmt":"2026-09-01T15:30:00","guid":{"rendered":"https:\/\/diariodocomercio.com.br\/geral\/?p=8126"},"modified":"2026-09-01T12:16:12","modified_gmt":"2026-09-01T15:16:12","slug":"comercio-bh-feriado-7-de-setembro-2026","status":"publish","type":"post","link":"https:\/\/diariodocomercio.com.br\/geral\/comercio-bh-feriado-7-de-setembro-2026\/","title":{"rendered":"Como fica o com\u00e9rcio em BH em 7 de setembro? Veja condi\u00e7\u00f5es dadas aos trabalhadores"},"content":{"rendered":"\n<p class=\"wp-block-paragraph\">O com\u00e9rcio de Belo Horizonte est\u00e1 autorizado a funcionar no feriado de 7 de setembro, Dia da Independ\u00eancia do Brasil. A informa\u00e7\u00e3o foi divulgada nesta ter\u00e7a-feira (1\u00ba) pela <a href=\"https:\/\/www.cdlbh.com.br\/\" target=\"_blank\" rel=\"noopener\">C\u00e2mara de Dirigentes Lojistas de Belo Horizonte (CDL\/BH)<\/a>, que tamb\u00e9m orientou os estabelecimentos sobre as condi\u00e7\u00f5es para convoca\u00e7\u00e3o dos trabalhadores.<\/p>\n\n\n\n<p class=\"wp-block-paragraph\">As empresas que optarem por abrir as portas na data dever\u00e3o cumprir regras previstas para o trabalho em feriado, incluindo limites de jornada, pagamento de benef\u00edcios, remunera\u00e7\u00e3o das horas extras e concess\u00e3o de folga compensat\u00f3ria. As condi\u00e7\u00f5es s\u00e3o aplic\u00e1veis aos estabelecimentos que utilizarem a m\u00e3o de obra dos funcion\u00e1rios.<\/p>\n\n\n\n<h2 class=\"wp-block-heading\"><strong>Quais s\u00e3o as condi\u00e7\u00f5es para trabalhar no feriado?<\/strong><\/h2>\n\n\n\n<p class=\"wp-block-paragraph\">A jornada dos empregados convocados para o feriado dever\u00e1 respeitar regras espec\u00edficas. S\u00e3o elas:<\/p>\n\n\n\n<ul class=\"wp-block-list\">\n<li>Jornada de at\u00e9 8 horas, com intervalo m\u00ednimo de uma hora;<\/li>\n\n\n\n<li>Pagamento de R$ 70 de alimenta\u00e7\u00e3o, at\u00e9 o quinto dia \u00fatil seguinte ao m\u00eas do feriado;<\/li>\n\n\n\n<li>Pagamento das horas extras com adicional de 100%;<\/li>\n\n\n\n<li>Concess\u00e3o de folga compensat\u00f3ria em at\u00e9 60 dias ap\u00f3s o m\u00eas do feriado \u2014 a folga n\u00e3o poder\u00e1 coincidir com outro feriado ou com o repouso semanal remunerado;<\/li>\n\n\n\n<li>Caso a folga n\u00e3o seja concedida no prazo, as horas correspondentes dever\u00e3o ser pagas como extras, com adicional de 100%;<\/li>\n\n\n\n<li>Fornecimento de vale-transporte para o deslocamento do trabalhador.<\/li>\n<\/ul>\n\n\n\n<h2 class=\"wp-block-heading\"><strong>Qual ser\u00e1 o hor\u00e1rio do com\u00e9rcio no dia 7 de setembro?<\/strong><\/h2>\n\n\n\n<p class=\"wp-block-paragraph\">Os hor\u00e1rios de funcionamento variam de acordo com o tipo de estabelecimento. Nos shopping centers de Belo Horizonte, a jornada no feriado est\u00e1 prevista para ocorrer das 14h \u00e0s 20h.<\/p>\n\n\n\n<p class=\"wp-block-paragraph\">H\u00e1, por\u00e9m, exce\u00e7\u00f5es. Nos shoppings Cidade, Norte e Anchieta Garden, o funcionamento ser\u00e1 das 10h \u00e0s 16h. J\u00e1 as lojas de rua poder\u00e3o funcionar das 9h \u00e0s 18h.<\/p>\n\n\n\n<p class=\"wp-block-paragraph\">O SINDILOJAS-BH e Regi\u00e3o recomenda que os comerciantes emitam o Certificado de Regularidade para Abertura. O documento est\u00e1 previsto na Conven\u00e7\u00e3o Coletiva e tem como objetivo comprovar o cumprimento das exig\u00eancias estabelecidas para o funcionamento durante o feriado.<\/p>\n\n\n\n<p class=\"wp-block-paragraph\">A recomenda\u00e7\u00e3o tamb\u00e9m busca oferecer maior seguran\u00e7a jur\u00eddica aos lojistas que decidirem manter os estabelecimentos abertos no dia 7 de setembro.<\/p>\n","protected":false},"excerpt":{"rendered":"<p>O com\u00e9rcio de Belo Horizonte est\u00e1 autorizado a funcionar no feriado de 7 de setembro, Dia da Independ\u00eancia do Brasil. A informa\u00e7\u00e3o foi divulgada nesta ter\u00e7a-feira (1\u00ba) pela C\u00e2mara de Dirigentes Lojistas de Belo Horizonte (CDL\/BH), que tamb\u00e9m orientou os estabelecimentos sobre as condi\u00e7\u00f5es para convoca\u00e7\u00e3o dos trabalhadores. As empresas que optarem por abrir as [&hellip;]<\/p>\n","protected":false},"author":3,"featured_media":379,"comment_status":"closed","ping_status":"open","sticky":false,"template":"","format":"standard","meta":{"_acf_changed":false,"footnotes":""},"categories":[9,13],"tags":[],"class_list":["post-8126","post","type-post","status-publish","format-standard","has-post-thumbnail","hentry","category-economia","category-regional"],"acf":{"subtitulo":"Estabelecimentos de Belo Horizonte poder\u00e3o abrir no Dia da Independ\u00eancia, mas devem cumprir regras de jornada, pagamento e folga compensat\u00f3ria","oculta_home":false,"leitura_rapida":""},"_links":{"self":[{"href":"https:\/\/diariodocomercio.com.br\/geral\/wp-json\/wp\/v2\/posts\/8126","targetHints":{"allow":["GET"]}}],"collection":[{"href":"https:\/\/diariodocomercio.com.br\/geral\/wp-json\/wp\/v2\/posts"}],"about":[{"href":"https:\/\/diariodocomercio.com.br\/geral\/wp-json\/wp\/v2\/types\/post"}],"author":[{"embeddable":true,"href":"https:\/\/diariodocomercio.com.br\/geral\/wp-json\/wp\/v2\/users\/3"}],"replies":[{"embeddable":true,"href":"https:\/\/diariodocomercio.com.br\/geral\/wp-json\/wp\/v2\/comments?post=8126"}],"version-history":[{"count":1,"href":"https:\/\/diariodocomercio.com.br\/geral\/wp-json\/wp\/v2\/posts\/8126\/revisions"}],"predecessor-version":[{"id":8127,"href":"https:\/\/diariodocomercio.com.br\/geral\/wp-json\/wp\/v2\/posts\/8126\/revisions\/8127"}],"wp:attachment":[{"href":"https:\/\/diariodocomercio.com.br\/geral\/wp-json\/wp\/v2\/media?parent=8126"}],"wp:term":[{"taxonomy":"category","embeddable":true,"href":"https:\/\/diariodocomercio.com.br\/geral\/wp-json\/wp\/v2\/categories?post=8126"},{"taxonomy":"post_tag","embeddable":true,"href":"https:\/\/diariodocomercio.com.br\/geral\/wp-json\/wp\/v2\/tags?post=8126"}],"curies":[{"name":"wp","href":"https:\/\/api.w.org\/{rel}","templated":true}]}}