{"id":8135,"date":"2026-09-01T13:15:00","date_gmt":"2026-09-01T16:15:00","guid":{"rendered":"https:\/\/diariodocomercio.com.br\/geral\/?p=8135"},"modified":"2026-09-01T13:07:59","modified_gmt":"2026-09-01T16:07:59","slug":"vagas-carga-e-descarga-novas-regras-vicosa","status":"publish","type":"post","link":"https:\/\/diariodocomercio.com.br\/geral\/vagas-carga-e-descarga-novas-regras-vicosa\/","title":{"rendered":"Novas regras para carga e descarga em Vi\u00e7osa; veja o que muda"},"content":{"rendered":"\n<p class=\"wp-block-paragraph\">A <a href=\"https:\/\/www.vicosa.mg.leg.br\/\" target=\"_blank\" rel=\"noopener\">C\u00e2mara Municipal de Vi\u00e7osa<\/a> aprovou por unanimidade, na noite desta segunda-feira (31), o Projeto de Lei n\u00ba 59\/2026, que estabelece novas regras para o uso das vagas de carga e descarga no munic\u00edpio. A proposta \u00e9 do vereador Cristiano Gon\u00e7alves (Solidariedade) e ainda precisa de regulamenta\u00e7\u00e3o pelo Executivo Municipal antes de entrar em vigor.<\/p>\n\n\n\n<h2 class=\"wp-block-heading\"><strong>O que muda nas vagas de carga e descarga<\/strong><\/h2>\n\n\n\n<p class=\"wp-block-paragraph\">A principal novidade \u00e9 a cria\u00e7\u00e3o de uma modalidade de carga e descarga r\u00e1pida, v\u00e1lida entre 10h e 19h. Nesse per\u00edodo, os ve\u00edculos poder\u00e3o usar as vagas por at\u00e9 30 minutos, exclusivamente para retirada ou entrega de mercadorias no exerc\u00edcio de atividade profissional.&nbsp;<\/p>\n\n\n\n<p class=\"wp-block-paragraph\">S\u00e3o autorizados carros, caminh\u00f5es pequenos com capacidade de at\u00e9 duas toneladas e motocicletas utilizadas em servi\u00e7os de motofrete e entregas por aplicativo. Das 19h \u00e0s 10h, as vagas continuar\u00e3o destinadas \u00e0s opera\u00e7\u00f5es tradicionais de carga e descarga, conforme a sinaliza\u00e7\u00e3o atual.&nbsp;<\/p>\n\n\n\n<p class=\"wp-block-paragraph\">O objetivo do projeto \u00e9 evitar que as vagas sejam ocupadas por per\u00edodos prolongados durante o hor\u00e1rio comercial, garantindo rotatividade para diferentes profissionais que realizam entregas e retiradas de mercadorias ao longo do dia.<\/p>\n\n\n\n<p class=\"wp-block-paragraph\">A mudan\u00e7a aprovada pela C\u00e2mara passa agora pela etapa de regulamenta\u00e7\u00e3o do Executivo Municipal para que as novas regras possam ser aplicadas.<\/p>\n","protected":false},"excerpt":{"rendered":"<p>A C\u00e2mara Municipal de Vi\u00e7osa aprovou por unanimidade, na noite desta segunda-feira (31), o Projeto de Lei n\u00ba 59\/2026, que estabelece novas regras para o uso das vagas de carga e descarga no munic\u00edpio. A proposta \u00e9 do vereador Cristiano Gon\u00e7alves (Solidariedade) e ainda precisa de regulamenta\u00e7\u00e3o pelo Executivo Municipal antes de entrar em vigor. [&hellip;]<\/p>\n","protected":false},"author":3,"featured_media":8144,"comment_status":"closed","ping_status":"open","sticky":false,"template":"","format":"standard","meta":{"_acf_changed":false,"footnotes":""},"categories":[1,11],"tags":[],"class_list":["post-8135","post","type-post","status-publish","format-standard","has-post-thumbnail","hentry","category-geral","category-cidades"],"acf":{"subtitulo":"C\u00e2mara aprovou por unanimidade projeto de lei que cria modalidade de carga e descarga r\u00e1pida das 10h \u00e0s 19h","oculta_home":false,"leitura_rapida":""},"_links":{"self":[{"href":"https:\/\/diariodocomercio.com.br\/geral\/wp-json\/wp\/v2\/posts\/8135","targetHints":{"allow":["GET"]}}],"collection":[{"href":"https:\/\/diariodocomercio.com.br\/geral\/wp-json\/wp\/v2\/posts"}],"about":[{"href":"https:\/\/diariodocomercio.com.br\/geral\/wp-json\/wp\/v2\/types\/post"}],"author":[{"embeddable":true,"href":"https:\/\/diariodocomercio.com.br\/geral\/wp-json\/wp\/v2\/users\/3"}],"replies":[{"embeddable":true,"href":"https:\/\/diariodocomercio.com.br\/geral\/wp-json\/wp\/v2\/comments?post=8135"}],"version-history":[{"count":1,"href":"https:\/\/diariodocomercio.com.br\/geral\/wp-json\/wp\/v2\/posts\/8135\/revisions"}],"predecessor-version":[{"id":8146,"href":"https:\/\/diariodocomercio.com.br\/geral\/wp-json\/wp\/v2\/posts\/8135\/revisions\/8146"}],"wp:featuredmedia":[{"embeddable":true,"href":"https:\/\/diariodocomercio.com.br\/geral\/wp-json\/wp\/v2\/media\/8144"}],"wp:attachment":[{"href":"https:\/\/diariodocomercio.com.br\/geral\/wp-json\/wp\/v2\/media?parent=8135"}],"wp:term":[{"taxonomy":"category","embeddable":true,"href":"https:\/\/diariodocomercio.com.br\/geral\/wp-json\/wp\/v2\/categories?post=8135"},{"taxonomy":"post_tag","embeddable":true,"href":"https:\/\/diariodocomercio.com.br\/geral\/wp-json\/wp\/v2\/tags?post=8135"}],"curies":[{"name":"wp","href":"https:\/\/api.w.org\/{rel}","templated":true}]}}