{"id":8148,"date":"2026-09-01T14:00:00","date_gmt":"2026-09-01T17:00:00","guid":{"rendered":"https:\/\/diariodocomercio.com.br\/geral\/?p=8148"},"modified":"2026-09-01T13:59:15","modified_gmt":"2026-09-01T16:59:15","slug":"prefeitura-de-jf-prorroga-concessao-do-transporte-coletivo-por-12-meses","status":"publish","type":"post","link":"https:\/\/diariodocomercio.com.br\/geral\/prefeitura-de-jf-prorroga-concessao-do-transporte-coletivo-por-12-meses\/","title":{"rendered":"Prefeitura de JF prorroga concess\u00e3o do transporte coletivo por 12 meses"},"content":{"rendered":"\n<p class=\"wp-block-paragraph\">A Prefeitura de Juiz de Fora prorrogou por 12 meses o contrato de concess\u00e3o do transporte coletivo nesta ter\u00e7a-feira (1\u00ba). O prazo anterior encerrava exatamente nesta data, e a decis\u00e3o evita que o servi\u00e7o seja suspenso enquanto a nova licita\u00e7\u00e3o permanece bloqueada pelo <a href=\"https:\/\/www.tce.mg.gov.br\/\" target=\"_blank\" rel=\"noopener\">Tribunal de Contas do Estado (TCE-MG)<\/a>.<\/p>\n\n\n\n<p class=\"wp-block-paragraph\">Com a prorroga\u00e7\u00e3o, o Cons\u00f3rcio Via JF, formado pela Ansal e pela Via\u00e7\u00e3o S\u00e3o Francisco, segue respons\u00e1vel pela opera\u00e7\u00e3o das linhas de \u00f4nibus da cidade. O prazo de 12 meses funciona como limite m\u00e1ximo, n\u00e3o como per\u00edodo fixo. Se a nova licita\u00e7\u00e3o for conclu\u00edda antes, a transi\u00e7\u00e3o para o Novo Transporte P\u00fablico pode ocorrer sem esperar o fim do prazo.<\/p>\n\n\n\n<h2 class=\"wp-block-heading\"><strong>TCE-MG trava nova concess\u00e3o do transporte coletivo<\/strong><\/h2>\n\n\n\n<p class=\"wp-block-paragraph\">O TCE-MG identificou inconsist\u00eancias no edital e paralisou a Concorr\u00eancia n\u00ba 29\/2025, que prev\u00ea uma concess\u00e3o de 15 anos avaliada em R$ 7,36 bilh\u00f5es. A Prefeitura recorreu, mas o Tribunal Pleno manteve a suspens\u00e3o por unanimidade em julho. O munic\u00edpio afirma que os ajustes foram conclu\u00eddos e os documentos foram reenviados ao \u00f3rg\u00e3o. O TCE-MG, por\u00e9m, n\u00e3o sinalizou prazo para concluir a an\u00e1lise.<\/p>\n","protected":false},"excerpt":{"rendered":"<p>A Prefeitura de Juiz de Fora prorrogou por 12 meses o contrato de concess\u00e3o do transporte coletivo nesta ter\u00e7a-feira (1\u00ba). O prazo anterior encerrava exatamente nesta data, e a decis\u00e3o evita que o servi\u00e7o seja suspenso enquanto a nova licita\u00e7\u00e3o permanece bloqueada pelo Tribunal de Contas do Estado (TCE-MG). Com a prorroga\u00e7\u00e3o, o Cons\u00f3rcio Via [&hellip;]<\/p>\n","protected":false},"author":4,"featured_media":8152,"comment_status":"closed","ping_status":"open","sticky":false,"template":"","format":"standard","meta":{"_acf_changed":false,"footnotes":""},"categories":[11],"tags":[],"class_list":["post-8148","post","type-post","status-publish","format-standard","has-post-thumbnail","hentry","category-cidades"],"acf":{"subtitulo":"Concorr\u00eancia de R$ 7,36 bilh\u00f5es segue travada no TCE-MG e cidade fica sem data para novo contrato","oculta_home":false,"leitura_rapida":""},"_links":{"self":[{"href":"https:\/\/diariodocomercio.com.br\/geral\/wp-json\/wp\/v2\/posts\/8148","targetHints":{"allow":["GET"]}}],"collection":[{"href":"https:\/\/diariodocomercio.com.br\/geral\/wp-json\/wp\/v2\/posts"}],"about":[{"href":"https:\/\/diariodocomercio.com.br\/geral\/wp-json\/wp\/v2\/types\/post"}],"author":[{"embeddable":true,"href":"https:\/\/diariodocomercio.com.br\/geral\/wp-json\/wp\/v2\/users\/4"}],"replies":[{"embeddable":true,"href":"https:\/\/diariodocomercio.com.br\/geral\/wp-json\/wp\/v2\/comments?post=8148"}],"version-history":[{"count":3,"href":"https:\/\/diariodocomercio.com.br\/geral\/wp-json\/wp\/v2\/posts\/8148\/revisions"}],"predecessor-version":[{"id":8151,"href":"https:\/\/diariodocomercio.com.br\/geral\/wp-json\/wp\/v2\/posts\/8148\/revisions\/8151"}],"wp:featuredmedia":[{"embeddable":true,"href":"https:\/\/diariodocomercio.com.br\/geral\/wp-json\/wp\/v2\/media\/8152"}],"wp:attachment":[{"href":"https:\/\/diariodocomercio.com.br\/geral\/wp-json\/wp\/v2\/media?parent=8148"}],"wp:term":[{"taxonomy":"category","embeddable":true,"href":"https:\/\/diariodocomercio.com.br\/geral\/wp-json\/wp\/v2\/categories?post=8148"},{"taxonomy":"post_tag","embeddable":true,"href":"https:\/\/diariodocomercio.com.br\/geral\/wp-json\/wp\/v2\/tags?post=8148"}],"curies":[{"name":"wp","href":"https:\/\/api.w.org\/{rel}","templated":true}]}}