{"id":8153,"date":"2026-09-01T14:30:00","date_gmt":"2026-09-01T17:30:00","guid":{"rendered":"https:\/\/diariodocomercio.com.br\/geral\/?p=8153"},"modified":"2026-09-01T14:09:31","modified_gmt":"2026-09-01T17:09:31","slug":"show-de-joao-gomes","status":"publish","type":"post","link":"https:\/\/diariodocomercio.com.br\/geral\/show-de-joao-gomes\/","title":{"rendered":"Inhotim ter\u00e1 show de Jo\u00e3o Gomes para celebrar 20 anos do museu"},"content":{"rendered":"\n<p class=\"wp-block-paragraph\">O Instituto Inhotim, em Brumadinho, na Regi\u00e3o Metropolitana de Belo Horizonte, vai celebrar os 20 anos de abertura ao p\u00fablico com um show de Jo\u00e3o Gomes. <\/p>\n\n\n\n<p class=\"wp-block-paragraph\">A apresenta\u00e7\u00e3o est\u00e1 marcada para o dia 18 de outubro, \u00e0s 15h, e j\u00e1 est\u00e1 inclu\u00edda no valor do ingresso regular de visita\u00e7\u00e3o ao museu, o maior espa\u00e7o de arte a c\u00e9u aberto da Am\u00e9rica Latina.<\/p>\n\n\n\n<p class=\"wp-block-paragraph\">O show de Jo\u00e3o Gomes ser\u00e1 realizado pr\u00f3ximo \u00e0 obra &#8220;Inven\u00e7\u00e3o da Cor, Penetr\u00e1vel Magic Square #5, De Luxe&#8221;, do artista H\u00e9lio Oiticica, um dos pontos mais visitados do parque. <\/p>\n\n\n\n<p class=\"wp-block-paragraph\">No dia da apresenta\u00e7\u00e3o, o Inhotim abre mais cedo, \u00e0s 9h30, para que o p\u00fablico tenha tempo de visitar as galerias e os jardins do museu antes do show.<\/p>\n\n\n\n<h2 class=\"wp-block-heading\">Como comprar ingresso para o show de Jo\u00e3o Gomes<\/h2>\n\n\n\n<p class=\"wp-block-paragraph\">Os ingressos para o dia do show come\u00e7am a ser vendidos nesta quinta-feira, 3 de setembro, pela plataforma Sympla e pelo aplicativo do <a href=\"https:\/\/diariodocomercio.com.br\/geral\/novo-museu-de-arte-contemporanea-mg\/\">Inhotim<\/a>. A entrada inteira custa R$ 65, e a meia-entrada sai por R$ 32,50. <\/p>\n\n\n\n<p class=\"wp-block-paragraph\">N\u00e3o haver\u00e1 venda ou distribui\u00e7\u00e3o de ingressos no local no dia do evento, o que torna necess\u00e1rio garantir a entrada com anteced\u00eancia.<\/p>\n\n\n\n<p class=\"wp-block-paragraph\">T\u00eam direito \u00e0 meia-entrada crian\u00e7as e adolescentes de 6 a 18 anos, estudantes maiores de 18 anos, pessoas com 60 anos ou mais, pessoas com defici\u00eancia e um acompanhante, professores da rede p\u00fablica e privada de ensino e jovens cadastrados no programa ID Jovem, todos mediante apresenta\u00e7\u00e3o dos documentos exigidos. <\/p>\n\n\n\n<p class=\"wp-block-paragraph\">J\u00e1 os moradores de Brumadinho podem participar gratuitamente por meio do programa Nosso Inhotim, que vai distribuir 700 ingressos sem custo para a popula\u00e7\u00e3o da cidade.<\/p>\n\n\n\n<h2 class=\"wp-block-heading\">Show integra ano de celebra\u00e7\u00e3o dos 20 anos do Inhotim<\/h2>\n\n\n\n<p class=\"wp-block-paragraph\">A apresenta\u00e7\u00e3o de Jo\u00e3o Gomes faz parte de uma programa\u00e7\u00e3o especial que o Inhotim vem promovendo ao longo de todo o ano de 2026 para marcar as duas d\u00e9cadas de exist\u00eancia do museu. <\/p>\n\n\n\n<p class=\"wp-block-paragraph\">Batizado sob o conceito de que &#8220;\u00e9 sempre tempo de Inhotim&#8221;, o calend\u00e1rio comemorativo j\u00e1 reuniu, desde o in\u00edcio do ano, inaugura\u00e7\u00f5es de novas obras, exposi\u00e7\u00f5es in\u00e9ditas e o retorno de trabalhos que marcaram a hist\u00f3ria da institui\u00e7\u00e3o.<\/p>\n\n\n\n<p class=\"wp-block-paragraph\">Entre os destaques da programa\u00e7\u00e3o est\u00e3o as individuais dos artistas Dalton Paula e davi de jesus do nascimento e a escultura monumental &#8220;Contraplano&#8221;, da artista mineira Lais Myrrha, comissionada especialmente para o parque. <\/p>\n\n\n\n<p class=\"wp-block-paragraph\">Em novembro, o museu tamb\u00e9m deve inaugurar a requalifica\u00e7\u00e3o da Galeria Cildo Meireles, com a inclus\u00e3o da obra &#8220;Miss\u00e3o\/Miss\u00f5es (Como Construir Catedrais)&#8221;, al\u00e9m do retorno da instala\u00e7\u00e3o sonora &#8220;The Murder of Crows&#8221;, de Janet Cardiff e George Bures Miller, uma das atra\u00e7\u00f5es mais populares j\u00e1 exibidas no Inhotim, e da exposi\u00e7\u00e3o &#8220;A C\u00e9u Aberto&#8221;, dedicada a contar a pr\u00f3pria hist\u00f3ria do museu.<\/p>\n\n\n\n<p class=\"wp-block-paragraph\">O Instituto Inhotim foi inaugurado em 2006 e, ao longo dos \u00faltimos 20 anos, se consolidou como um dos principais destinos culturais de Minas Gerais, reunindo arte contempor\u00e2nea, bot\u00e2nica e educa\u00e7\u00e3o em uma \u00e1rea de mais de 140 hectares em Brumadinho.<\/p>\n","protected":false},"excerpt":{"rendered":"<p>O Instituto Inhotim, em Brumadinho, na Regi\u00e3o Metropolitana de Belo Horizonte, vai celebrar os 20 anos de abertura ao p\u00fablico com um show de Jo\u00e3o Gomes. A apresenta\u00e7\u00e3o est\u00e1 marcada para o dia 18 de outubro, \u00e0s 15h, e j\u00e1 est\u00e1 inclu\u00edda no valor do ingresso regular de visita\u00e7\u00e3o ao museu, o maior espa\u00e7o de [&hellip;]<\/p>\n","protected":false},"author":5,"featured_media":8157,"comment_status":"closed","ping_status":"open","sticky":false,"template":"","format":"standard","meta":{"_acf_changed":false,"footnotes":""},"categories":[1,11],"tags":[],"class_list":["post-8153","post","type-post","status-publish","format-standard","has-post-thumbnail","hentry","category-geral","category-cidades"],"acf":{"subtitulo":"Apresenta\u00e7\u00e3o gratuita para quem visitar o parque nesse dia ser\u00e1 ao lado da obra de H\u00e9lio Oiticica, com 700 entradas gratuitas para moradores de Brumadinho.","oculta_home":false,"leitura_rapida":""},"_links":{"self":[{"href":"https:\/\/diariodocomercio.com.br\/geral\/wp-json\/wp\/v2\/posts\/8153","targetHints":{"allow":["GET"]}}],"collection":[{"href":"https:\/\/diariodocomercio.com.br\/geral\/wp-json\/wp\/v2\/posts"}],"about":[{"href":"https:\/\/diariodocomercio.com.br\/geral\/wp-json\/wp\/v2\/types\/post"}],"author":[{"embeddable":true,"href":"https:\/\/diariodocomercio.com.br\/geral\/wp-json\/wp\/v2\/users\/5"}],"replies":[{"embeddable":true,"href":"https:\/\/diariodocomercio.com.br\/geral\/wp-json\/wp\/v2\/comments?post=8153"}],"version-history":[{"count":4,"href":"https:\/\/diariodocomercio.com.br\/geral\/wp-json\/wp\/v2\/posts\/8153\/revisions"}],"predecessor-version":[{"id":8158,"href":"https:\/\/diariodocomercio.com.br\/geral\/wp-json\/wp\/v2\/posts\/8153\/revisions\/8158"}],"wp:featuredmedia":[{"embeddable":true,"href":"https:\/\/diariodocomercio.com.br\/geral\/wp-json\/wp\/v2\/media\/8157"}],"wp:attachment":[{"href":"https:\/\/diariodocomercio.com.br\/geral\/wp-json\/wp\/v2\/media?parent=8153"}],"wp:term":[{"taxonomy":"category","embeddable":true,"href":"https:\/\/diariodocomercio.com.br\/geral\/wp-json\/wp\/v2\/categories?post=8153"},{"taxonomy":"post_tag","embeddable":true,"href":"https:\/\/diariodocomercio.com.br\/geral\/wp-json\/wp\/v2\/tags?post=8153"}],"curies":[{"name":"wp","href":"https:\/\/api.w.org\/{rel}","templated":true}]}}