{"id":8159,"date":"2026-09-01T15:15:00","date_gmt":"2026-09-01T18:15:00","guid":{"rendered":"https:\/\/diariodocomercio.com.br\/geral\/?p=8159"},"modified":"2026-09-01T14:16:51","modified_gmt":"2026-09-01T17:16:51","slug":"curso-tecnico-gratuito","status":"publish","type":"post","link":"https:\/\/diariodocomercio.com.br\/geral\/curso-tecnico-gratuito\/","title":{"rendered":"Petrobras oferece curso t\u00e9cnico gratuito com bolsa em MG"},"content":{"rendered":"\n<p class=\"wp-block-paragraph\">A Petrobras e o Senai ampliaram a oferta de qualifica\u00e7\u00e3o profissional em Minas Gerais por meio do Programa Autonomia e Renda Petrobras, iniciativa que garante curso t\u00e9cnico gratuito com a Petrobras em unidades de diferentes estados do pa\u00eds. <\/p>\n\n\n\n<p class=\"wp-block-paragraph\">Em Minas Gerais, a forma\u00e7\u00e3o acontece na unidade do Senai em Betim, na Regi\u00e3o Metropolitana de Belo Horizonte, voltada principalmente para pessoas em situa\u00e7\u00e3o de vulnerabilidade social e trabalhadores que buscam uma nova coloca\u00e7\u00e3o no mercado.<\/p>\n\n\n\n<p class=\"wp-block-paragraph\">O programa n\u00e3o cobra nenhuma mensalidade e ainda paga bolsa mensal para quem participa, desde que cumpra a frequ\u00eancia m\u00ednima exigida em cada turma. <\/p>\n\n\n\n<p class=\"wp-block-paragraph\">O valor padr\u00e3o \u00e9 de R$ 660 por m\u00eas, mas mulheres com filhos de at\u00e9 11 anos e 11 meses recebem R$ 858 mensais, um refor\u00e7o pensado para facilitar a perman\u00eancia de m\u00e3es na forma\u00e7\u00e3o profissional.<\/p>\n\n\n\n<p class=\"wp-block-paragraph\">Al\u00e9m da bolsa, os estudantes tamb\u00e9m t\u00eam direito a um aux\u00edlio-alimenta\u00e7\u00e3o de R$ 15 por dia \u00fatil frequentado, com limite de R$ 300 por m\u00eas. <\/p>\n\n\n\n<p class=\"wp-block-paragraph\">Somando os dois benef\u00edcios, mulheres com filhos pequenos podem chegar a R$ 1.158 mensais durante o per\u00edodo do curso, valor que ajuda a cobrir despesas b\u00e1sicas enquanto a pessoa se dedica aos estudos.<\/p>\n\n\n\n<h2 class=\"wp-block-heading\">Quais cursos est\u00e3o dispon\u00edveis em Betim<\/h2>\n\n\n\n<p class=\"wp-block-paragraph\">A unidade do Senai em Betim participou da sele\u00e7\u00e3o mais recente com tr\u00eas forma\u00e7\u00f5es voltadas ao setor industrial e de constru\u00e7\u00e3o:<\/p>\n\n\n\n<ul class=\"wp-block-list\">\n<li>Montador de andaime, formas e escoramento<\/li>\n\n\n\n<li>Sinaleiro amarrador<\/li>\n\n\n\n<li>Pedreiro refratarista<\/li>\n<\/ul>\n\n\n\n<p class=\"wp-block-paragraph\">Essas fun\u00e7\u00f5es t\u00eam demanda constante em obras e ind\u00fastrias da regi\u00e3o, especialmente em atividades ligadas \u00e0 montagem, manuten\u00e7\u00e3o e opera\u00e7\u00e3o de estruturas em canteiros e plantas industriais.<\/p>\n\n\n\n<h2 class=\"wp-block-heading\">Quem pode participar do programa<\/h2>\n\n\n\n<p class=\"wp-block-paragraph\">Os crit\u00e9rios de sele\u00e7\u00e3o variam conforme o edital de cada turma, mas o programa prioriza pessoas em situa\u00e7\u00e3o de vulnerabilidade social, trabalhadores sem v\u00ednculo formal de emprego e candidatos de baixa renda. <\/p>\n\n\n\n<p class=\"wp-block-paragraph\">H\u00e1 ainda prioridade voltada para grupos espec\u00edficos, incluindo mulheres, pessoas pretas e pardas, ind\u00edgenas, quilombolas, pessoas com defici\u00eancia, refugiados e pessoas trans.<\/p>\n\n\n\n<p class=\"wp-block-paragraph\">A idade m\u00ednima e a escolaridade exigida tamb\u00e9m mudam de acordo com o curso escolhido, por isso \u00e9 importante conferir as regras espec\u00edficas de cada edital antes de se inscrever. <\/p>\n\n\n\n<p class=\"wp-block-paragraph\">Na sele\u00e7\u00e3o mais recente, ao todo, 460 vagas foram distribu\u00eddas entre Minas Gerais, S\u00e3o Paulo, Rio Grande do Sul e Paran\u00e1, com 1.308 candidatos ficando em lista de espera ou cadastro reserva.<\/p>\n\n\n\n<h2 class=\"wp-block-heading\">Como funciona o processo seletivo?<\/h2>\n\n\n\n<p class=\"wp-block-paragraph\">A inscri\u00e7\u00e3o no curso t\u00e9cnico gratuito com a Petrobras n\u00e3o garante automaticamente uma vaga. Quando o n\u00famero de interessados ultrapassa as vagas dispon\u00edveis, a sele\u00e7\u00e3o segue os crit\u00e9rios definidos no edital, podendo incluir sorteio p\u00fablico eletr\u00f4nico entre os inscritos que atendem aos requisitos.<\/p>\n\n\n\n<p class=\"wp-block-paragraph\">Depois da divulga\u00e7\u00e3o do resultado, os candidatos convocados precisam apresentar a documenta\u00e7\u00e3o exigida e concluir a matr\u00edcula dentro do prazo estabelecido. <\/p>\n\n\n\n<p class=\"wp-block-paragraph\">Quem n\u00e3o \u00e9 chamado de imediato pode permanecer em lista de espera ou em cadastro reserva, conforme as regras espec\u00edficas de cada sele\u00e7\u00e3o.<\/p>\n\n\n\n<h2 class=\"wp-block-heading\">Onde acompanhar novos editais<\/h2>\n\n\n\n<p class=\"wp-block-paragraph\">Os resultados de cada sele\u00e7\u00e3o e os editais futuros ficam dispon\u00edveis na <a href=\"https:\/\/petrobras.com.br\/quem-somos\/autonomia-e-renda\" target=\"_blank\" rel=\"noopener\">p\u00e1gina oficial<\/a> do Programa Autonomia e Renda Petrobras, onde o candidato acessa com login e senha para consultar a rela\u00e7\u00e3o de classificados de cada estado ou unidade participante. <\/p>\n\n\n\n<p class=\"wp-block-paragraph\">Como os editais s\u00e3o publicados conforme a forma\u00e7\u00e3o de novas turmas, os cursos oferecidos, os munic\u00edpios e o n\u00famero de vagas podem mudar a cada nova rodada.<\/p>\n\n\n\n<p class=\"wp-block-paragraph\">Por isso, quem n\u00e3o conseguiu vaga na sele\u00e7\u00e3o mais recente deve continuar acompanhando o portal, j\u00e1 que novas oportunidades de qualifica\u00e7\u00e3o profissional gratuita tendem a surgir ao longo do ano, tanto em Betim quanto em outras cidades participantes do programa.<\/p>\n\n\n\n<h2 class=\"wp-block-heading\">Forma\u00e7\u00e3o como porta de entrada no mercado de trabalho<\/h2>\n\n\n\n<p class=\"wp-block-paragraph\">A conclus\u00e3o do curso n\u00e3o garante contrata\u00e7\u00e3o direta pela Petrobras ou por empresas parceiras, mas amplia as chances de inser\u00e7\u00e3o no mercado, j\u00e1 que o mercado industrial e da constru\u00e7\u00e3o civil tem demanda constante por profissionais qualificados em fun\u00e7\u00f5es como montagem de andaimes, sinaliza\u00e7\u00e3o de obras e alvenaria refrataria. <\/p>\n\n\n\n<p class=\"wp-block-paragraph\">Para quem busca uma nova oportunidade profissional sem custo com o curso, o programa se apresenta como um caminho concreto de qualifica\u00e7\u00e3o, com suporte financeiro para tornar a perman\u00eancia nos estudos mais vi\u00e1vel.<\/p>\n","protected":false},"excerpt":{"rendered":"<p>A Petrobras e o Senai ampliaram a oferta de qualifica\u00e7\u00e3o profissional em Minas Gerais por meio do Programa Autonomia e Renda Petrobras, iniciativa que garante curso t\u00e9cnico gratuito com a Petrobras em unidades de diferentes estados do pa\u00eds. Em Minas Gerais, a forma\u00e7\u00e3o acontece na unidade do Senai em Betim, na Regi\u00e3o Metropolitana de Belo [&hellip;]<\/p>\n","protected":false},"author":5,"featured_media":8163,"comment_status":"closed","ping_status":"open","sticky":false,"template":"","format":"standard","meta":{"_acf_changed":false,"footnotes":""},"categories":[1],"tags":[],"class_list":["post-8159","post","type-post","status-publish","format-standard","has-post-thumbnail","hentry","category-geral"],"acf":{"subtitulo":"Parceria entre Petrobras e Senai leva forma\u00e7\u00e3o profissional gratuita e bolsa de at\u00e9 R$ 1.158 por m\u00eas para trabalhadores de Betim.","oculta_home":false,"leitura_rapida":""},"_links":{"self":[{"href":"https:\/\/diariodocomercio.com.br\/geral\/wp-json\/wp\/v2\/posts\/8159","targetHints":{"allow":["GET"]}}],"collection":[{"href":"https:\/\/diariodocomercio.com.br\/geral\/wp-json\/wp\/v2\/posts"}],"about":[{"href":"https:\/\/diariodocomercio.com.br\/geral\/wp-json\/wp\/v2\/types\/post"}],"author":[{"embeddable":true,"href":"https:\/\/diariodocomercio.com.br\/geral\/wp-json\/wp\/v2\/users\/5"}],"replies":[{"embeddable":true,"href":"https:\/\/diariodocomercio.com.br\/geral\/wp-json\/wp\/v2\/comments?post=8159"}],"version-history":[{"count":5,"href":"https:\/\/diariodocomercio.com.br\/geral\/wp-json\/wp\/v2\/posts\/8159\/revisions"}],"predecessor-version":[{"id":8166,"href":"https:\/\/diariodocomercio.com.br\/geral\/wp-json\/wp\/v2\/posts\/8159\/revisions\/8166"}],"wp:featuredmedia":[{"embeddable":true,"href":"https:\/\/diariodocomercio.com.br\/geral\/wp-json\/wp\/v2\/media\/8163"}],"wp:attachment":[{"href":"https:\/\/diariodocomercio.com.br\/geral\/wp-json\/wp\/v2\/media?parent=8159"}],"wp:term":[{"taxonomy":"category","embeddable":true,"href":"https:\/\/diariodocomercio.com.br\/geral\/wp-json\/wp\/v2\/categories?post=8159"},{"taxonomy":"post_tag","embeddable":true,"href":"https:\/\/diariodocomercio.com.br\/geral\/wp-json\/wp\/v2\/tags?post=8159"}],"curies":[{"name":"wp","href":"https:\/\/api.w.org\/{rel}","templated":true}]}}