{"id":8167,"date":"2026-09-01T14:45:00","date_gmt":"2026-09-01T17:45:00","guid":{"rendered":"https:\/\/diariodocomercio.com.br\/geral\/?p=8167"},"modified":"2026-09-01T14:27:00","modified_gmt":"2026-09-01T17:27:00","slug":"santa-casa-montes-claros-nivel-a-transplantes","status":"publish","type":"post","link":"https:\/\/diariodocomercio.com.br\/geral\/santa-casa-montes-claros-nivel-a-transplantes\/","title":{"rendered":"Santa Casa de Montes Claros avan\u00e7a e alcan\u00e7a n\u00edvel A em transplantes"},"content":{"rendered":"\n<p class=\"wp-block-paragraph\">A Santa Casa de Montes Claros avan\u00e7ou na oferta de procedimentos de alta complexidade pelo Sistema \u00danico de Sa\u00fade (SUS) e alcan\u00e7ou o N\u00edvel A ao ser aprovada para o Incremento Financeiro para a Qualidade do Sistema Nacional de Transplantes. A aprova\u00e7\u00e3o foi realizada pela Comiss\u00e3o Intergestores Bipartite do SUS (CIB-SUS) em reuni\u00e3o realizada em Belo Horizonte, no dia 19 de agosto, e contempla os transplantes de p\u00e2ncreas e p\u00e2ncreas-rim.<\/p>\n\n\n\n<p class=\"wp-block-paragraph\">O enquadramento est\u00e1 entre os n\u00edveis mais altos previstos pelo programa do Minist\u00e9rio da Sa\u00fade e considera indicadores como quantidade de transplantes realizados e sobrevida dos pacientes ap\u00f3s os procedimentos.<\/p>\n\n\n\n<h2 class=\"wp-block-heading\"><strong>Santa Casa de Montes Claros alcan\u00e7ou pontua\u00e7\u00e3o m\u00e1xima<\/strong><\/h2>\n\n\n\n<p class=\"wp-block-paragraph\">Criado pelo <a href=\"https:\/\/www.gov.br\/saude\/pt-br\" target=\"_blank\" rel=\"noopener\">Minist\u00e9rio da Sa\u00fade<\/a> em 2023, o Incremento Financeiro para a Qualidade do Sistema Nacional de Transplantes estabelece uma remunera\u00e7\u00e3o diferenciada para centros que alcan\u00e7am metas de desempenho. A proposta \u00e9 estimular a melhoria da assist\u00eancia e ampliar a realiza\u00e7\u00e3o de transplantes pelo SUS.<\/p>\n\n\n\n<p class=\"wp-block-paragraph\">Para chegar ao N\u00edvel A, a Santa Casa de Montes Claros precisou atender aos crit\u00e9rios estabelecidos pelo governo federal. Um deles \u00e9 ter pelo menos dois anos consecutivos de atua\u00e7\u00e3o em transplantes pelo SUS.<\/p>\n\n\n\n<p class=\"wp-block-paragraph\">A an\u00e1lise realizada pela Central Estadual de Transplantes de Minas Gerais tamb\u00e9m apontou que a Unidade de Alta Complexidade em Oncologia do hospital atingiu a pontua\u00e7\u00e3o m\u00e1xima, de 30 pontos, nas modalidades de transplante de p\u00e2ncreas e p\u00e2ncreas-rim.<\/p>\n\n\n\n<p class=\"wp-block-paragraph\">Segundo resolu\u00e7\u00e3o publicada no Di\u00e1rio Oficial de Minas Gerais em 22 de agosto, o hospital realizou nove transplantes nessas modalidades em um per\u00edodo de 12 meses. O n\u00famero est\u00e1 dentro da faixa exigida para a classifica\u00e7\u00e3o, que considera de seis a 11 procedimentos anuais.<\/p>\n\n\n\n<p class=\"wp-block-paragraph\">Outro resultado de destaque foi a taxa de sobrevida dos pacientes. A Santa Casa registrou 100% de sobrevida em 30 dias e tamb\u00e9m em um ano ap\u00f3s os transplantes. Os \u00edndices superam as refer\u00eancias estabelecidas pelo Minist\u00e9rio da Sa\u00fade, de pelo menos 90% em 30 dias e 80% em um ano.<\/p>\n\n\n\n<h2 class=\"wp-block-heading\"><strong>Incentivo tamb\u00e9m prev\u00ea melhorias na assist\u00eancia<\/strong><\/h2>\n\n\n\n<p class=\"wp-block-paragraph\">Al\u00e9m do impacto financeiro, a ades\u00e3o ao programa estabelece compromissos relacionados \u00e0 gest\u00e3o e \u00e0 qualidade do atendimento. Entre as medidas previstas est\u00e3o o aprimoramento dos fluxos de trabalho, o fortalecimento dos processos de gest\u00e3o e a qualifica\u00e7\u00e3o da assist\u00eancia aos pacientes transplantados.<\/p>\n\n\n\n<p class=\"wp-block-paragraph\">O programa tamb\u00e9m prev\u00ea a\u00e7\u00f5es de educa\u00e7\u00e3o continuada em sa\u00fade, com capacita\u00e7\u00e3o de profissionais e gestores que atuam na \u00e1rea de transplantes para estimular a melhoria cont\u00ednua dos servi\u00e7os que integram o Sistema Nacional de Transplantes.<\/p>\n\n\n\n<p class=\"wp-block-paragraph\">A conquista refor\u00e7a a atua\u00e7\u00e3o da Santa Casa de Montes Claros na oferta de procedimentos de alta complexidade pelo SUS na regi\u00e3o do Norte de Minas, reconhecendo a capacidade do hospital em fornecer servi\u00e7os que exigem estrutura especializada, equipes qualificadas e acompanhamento permanente dos pacientes.<\/p>\n","protected":false},"excerpt":{"rendered":"<p>A Santa Casa de Montes Claros avan\u00e7ou na oferta de procedimentos de alta complexidade pelo Sistema \u00danico de Sa\u00fade (SUS) e alcan\u00e7ou o N\u00edvel A ao ser aprovada para o Incremento Financeiro para a Qualidade do Sistema Nacional de Transplantes. A aprova\u00e7\u00e3o foi realizada pela Comiss\u00e3o Intergestores Bipartite do SUS (CIB-SUS) em reuni\u00e3o realizada em [&hellip;]<\/p>\n","protected":false},"author":3,"featured_media":6653,"comment_status":"closed","ping_status":"open","sticky":false,"template":"","format":"standard","meta":{"_acf_changed":false,"footnotes":""},"categories":[1,11],"tags":[],"class_list":["post-8167","post","type-post","status-publish","format-standard","has-post-thumbnail","hentry","category-geral","category-cidades"],"acf":{"subtitulo":"","oculta_home":false,"leitura_rapida":""},"_links":{"self":[{"href":"https:\/\/diariodocomercio.com.br\/geral\/wp-json\/wp\/v2\/posts\/8167","targetHints":{"allow":["GET"]}}],"collection":[{"href":"https:\/\/diariodocomercio.com.br\/geral\/wp-json\/wp\/v2\/posts"}],"about":[{"href":"https:\/\/diariodocomercio.com.br\/geral\/wp-json\/wp\/v2\/types\/post"}],"author":[{"embeddable":true,"href":"https:\/\/diariodocomercio.com.br\/geral\/wp-json\/wp\/v2\/users\/3"}],"replies":[{"embeddable":true,"href":"https:\/\/diariodocomercio.com.br\/geral\/wp-json\/wp\/v2\/comments?post=8167"}],"version-history":[{"count":1,"href":"https:\/\/diariodocomercio.com.br\/geral\/wp-json\/wp\/v2\/posts\/8167\/revisions"}],"predecessor-version":[{"id":8168,"href":"https:\/\/diariodocomercio.com.br\/geral\/wp-json\/wp\/v2\/posts\/8167\/revisions\/8168"}],"wp:featuredmedia":[{"embeddable":true,"href":"https:\/\/diariodocomercio.com.br\/geral\/wp-json\/wp\/v2\/media\/6653"}],"wp:attachment":[{"href":"https:\/\/diariodocomercio.com.br\/geral\/wp-json\/wp\/v2\/media?parent=8167"}],"wp:term":[{"taxonomy":"category","embeddable":true,"href":"https:\/\/diariodocomercio.com.br\/geral\/wp-json\/wp\/v2\/categories?post=8167"},{"taxonomy":"post_tag","embeddable":true,"href":"https:\/\/diariodocomercio.com.br\/geral\/wp-json\/wp\/v2\/tags?post=8167"}],"curies":[{"name":"wp","href":"https:\/\/api.w.org\/{rel}","templated":true}]}}